{"id":27239,"date":"2017-12-07T23:24:44","date_gmt":"2017-12-07T22:24:44","guid":{"rendered":"http:\/\/www.area-press.eu\/comunicatistampa\/?p=27239"},"modified":"2017-12-07T23:24:44","modified_gmt":"2017-12-07T22:24:44","slug":"anselmo-galbusera-e-multicatering-verso-nuove-opportunita-di-business","status":"publish","type":"post","link":"https:\/\/www.area-press.eu\/comunicatistampa\/2017\/12\/07\/anselmo-galbusera-e-multicatering-verso-nuove-opportunita-di-business\/","title":{"rendered":"Anselmo Galbusera e Multicatering verso nuove opportunit\u00e0 di business"},"content":{"rendered":"<p><em><strong>L&#8217;imprenditore <a href=\"https:\/\/www.anselmogalbusera.it\/\" title=\"Anselmo Galbusera - sito ufficiale\">Anselmo Galbusera<\/a> \u00e8 membro del Consiglio di Amministrazione e azionista di Multicatering, azienda che opera in tutto il mondo nel settore del catering.<\/strong><\/em><\/p>\n<h2>Multicatering: Anselmo Galbusera, imprenditore originario di Monza, nel CdA<\/h2>\n<p>Fondata negli anni &#8217;90 in Lombardia e attiva nel settore dei servizi di ristorazione, Multicatering \u00e8 al fianco da oltre 20 anni delle imprese che operano in contesti internazionali difficili. Nel corso degli anni, la societ\u00e0 nel cui CdA \u00e8 presente l&#8217;imprenditore <strong>Anselmo Galbusera<\/strong> ha saputo conquistarsi un ruolo di grande importanza in tutto il mondo, capace di adattarsi a un mercato sempre pi\u00f9 globalizzato e fornire nel contempo un servizio di alta qualit\u00e0 in quelle aree attraversate da crisi ambientali, politiche e sociali. Il debutto sul mercato algerino nel 1998 \u00e8 stato seguito infatti dall&#8217;ingresso in Kazakistan, 2002, Congo, Mozambico e Serbia, tra il 2010 e il 2013. Prossima ai suoi 25 anni di attivit\u00e0, Multicatering offre prodotti sempre freschi e una dieta equilibrata, con men\u00f9 basati sulla tradizionale cucina italiana e arricchiti da una proposta di piatti etnici locali, adattabili in base alle necessit\u00e0 e ai gusti dei clienti. Grazie ai suoi esperti ha messo in campo diversi programmi volti a promuove una cultura del cibo salutare. Rispettosa dei valori di sostenibilit\u00e0 ambientale, sicurezza sul lavoro e valorizzazione delle risorse umane, l&#8217;azienda che vede tra i suoi azionisti <strong>Anselmo Galbusera<\/strong> ha conseguito numerose certificazioni e attestati di qualit\u00e0 (ISO 26000, 14001,9001, 22000 e OHSAS 18001).<\/p>\n<h2>Alselmo Galbusera, percorso professionale e competenze<\/h2>\n<p><strong><a href=\"https:\/\/www.anselmogalbusera.it\/\" title=\"Anselmo Galbusera website\">Anselmo Galbusera<\/a><\/strong> \u00e8 un imprenditore monzese attivo in diverse realt\u00e0 nazionali e internazionali nel ruolo di manager e azionista. Fonda nel 1990 Delta S.p.A., azienda operativa nel campo delle telecomunicazioni in cui riveste il ruolo di Amministratore Delegato sino al 2004, anno in cui viene ceduta a Wind. Proprio da quest&#8217;ultima viene nominato Chief Strategic Officer nel 2003. Due anni pi\u00f9 tardi inizia l&#8217;esperienza come dirigente in Italgo S.p.A., impresa specializzata nell&#8217;ambito della sicurezza fisica e logica e di cui \u00e8, dal 2005 al 2010, azionista e Amministratore Delegato. A conclusione di questo periodo lascia il precedente incarico per investire in Multicatering S.p.A., diventandone al contempo azionista e Global Chief Strategic Officer. Nel quadriennio compreso tra il 2010 e il 2014 Anselmo Galbusera \u00e8 stato membro di diversi Consigli di Amministrazione, come ad esempio quello della Banca di Credito Cooperativo PMI e di Ciet. Ancora oggi fa parte dei CdA di realt\u00e0 quali Jnterforgia Srl, Multicatering e Chiara Boni &amp; Sons Srl. Fondatore della holding di partecipazioni FERA, <strong>Anselmo Galbusera<\/strong> ha integrato il suo percorso formativo, iniziato con il diploma di maturit\u00e0 tecnico-industriale, con i corsi in &quot;Analisi dei bilanci&quot;, tenuto presso Associazione Industriali di Monza e Brianza, e &quot;Gestione delle Risorse Umane&quot;, organizzato dalla Scuola IPSOA di Milano.<\/p>\n","protected":false},"excerpt":{"rendered":"<p>L&#8217;imprenditore Anselmo Galbusera \u00e8 membro del Consiglio di Amministrazione e azionista di Multicatering, azienda che opera in tutto il mondo nel settore del catering. Multicatering: Anselmo Galbusera, imprenditore originario di Monza, nel CdA Fondata negli anni &#8217;90 in Lombardia e attiva nel settore dei servizi di ristorazione, Multicatering \u00e8 al fianco da oltre 20 anni [&hellip;]<\/p>\n","protected":false},"author":40,"featured_media":0,"comment_status":"open","ping_status":"open","sticky":false,"template":"","format":"standard","meta":{"footnotes":""},"categories":[5],"tags":[16848],"class_list":["post-27239","post","type-post","status-publish","format-standard","hentry","category-aziendali","tag-anselmo-galbusera"],"_links":{"self":[{"href":"https:\/\/www.area-press.eu\/comunicatistampa\/wp-json\/wp\/v2\/posts\/27239","targetHints":{"allow":["GET"]}}],"collection":[{"href":"https:\/\/www.area-press.eu\/comunicatistampa\/wp-json\/wp\/v2\/posts"}],"about":[{"href":"https:\/\/www.area-press.eu\/comunicatistampa\/wp-json\/wp\/v2\/types\/post"}],"author":[{"embeddable":true,"href":"https:\/\/www.area-press.eu\/comunicatistampa\/wp-json\/wp\/v2\/users\/40"}],"replies":[{"embeddable":true,"href":"https:\/\/www.area-press.eu\/comunicatistampa\/wp-json\/wp\/v2\/comments?post=27239"}],"version-history":[{"count":1,"href":"https:\/\/www.area-press.eu\/comunicatistampa\/wp-json\/wp\/v2\/posts\/27239\/revisions"}],"predecessor-version":[{"id":27240,"href":"https:\/\/www.area-press.eu\/comunicatistampa\/wp-json\/wp\/v2\/posts\/27239\/revisions\/27240"}],"wp:attachment":[{"href":"https:\/\/www.area-press.eu\/comunicatistampa\/wp-json\/wp\/v2\/media?parent=27239"}],"wp:term":[{"taxonomy":"category","embeddable":true,"href":"https:\/\/www.area-press.eu\/comunicatistampa\/wp-json\/wp\/v2\/categories?post=27239"},{"taxonomy":"post_tag","embeddable":true,"href":"https:\/\/www.area-press.eu\/comunicatistampa\/wp-json\/wp\/v2\/tags?post=27239"}],"curies":[{"name":"wp","href":"https:\/\/api.w.org\/{rel}","templated":true}]}}