{"id":27057,"date":"2017-12-01T01:19:23","date_gmt":"2017-12-01T00:19:23","guid":{"rendered":"http:\/\/www.area-press.eu\/comunicatistampa\/?p=27057"},"modified":"2017-12-01T01:19:23","modified_gmt":"2017-12-01T00:19:23","slug":"i-sentieri-del-parco-delle-orobie-bergamasche","status":"publish","type":"post","link":"https:\/\/www.area-press.eu\/comunicatistampa\/2017\/12\/01\/i-sentieri-del-parco-delle-orobie-bergamasche\/","title":{"rendered":"I sentieri del Parco delle Orobie Bergamasche"},"content":{"rendered":"<p style=\"text-align: justify\">Le Comunit\u00e0 Montane della Valle Brembana e di Scalve hanno ricevuto <b>un contributo da 45 mila euro per gli interventi di manutenzione ordinaria<\/b> dei sentieri del Parco delle Orobie Bergamasche.<\/p>\n<p style=\"text-align: justify\">Il contributo prevede: <b>15 mila euro alla Comunit\u00e0 Montana Valle Brembana <\/b>per il progetto dedicato agli interventi di manutenzione ordinaria che saranno effettuati nei comuni di Piazzatorre (Prati di Pegherolo \u2013 Begna), Carona (Carona \u2013 Sardegnana) e Mezzoldo (via Priula \u2013 Ponte Acqua \u2013 Ala Ancogno). I restanti <b>30 mila euro sono destinati alla Comunit\u00e0 Montana di Scalve<\/b> per i progetti dedicati agli interventi di manutenzione ordinaria del sentiero \u00abDelle Pale\u00bb sito nel comune di Azzone e agli interventi di manutenzione ordinaria del sentiero \u00abVivione \u2013 Gardena\u00bb nel comune di Schilpario.<\/p>\n<p style=\"text-align: justify\">Si tratta di progetti che consentiranno di <b>tutelare l\u2019ambiente del Parco<\/b>, proteggendo la natura e al tempo stesso rendendola fruibile per un uso culturale, ricreativo e sociale della comunit\u00e0 dei residenti e dei visitatori, sempre pi\u00f9 attirati dalle bellezze e dalla biodiversit\u00e0 del Parco.<\/p>\n<p style=\"text-align: justify\"><i>\u00abLa manutenzione ordinaria del territorio \u00e8 un\u2019azione complessa, da pianificare e ripetere periodicamente nel tempo. Un\u2019attivit\u00e0 che siamo contenti di poter sostenere in valle di Scalve e in val Brembana, a favore dei sentieri del nostro Parco. Il nostro compito \u00e8, infatti, intervenire preventivamente per difendere il suolo, per mantenere l\u2019identit\u00e0 dell\u2019ambiente e per garantire situazioni di sicurezza per chi in questi ambienti vive, opera o per chi ne fruisce anche solo saltuariamente. I progetti che abbiamo ricevuto e analizzato hanno incontrato le finalit\u00e0 del Parco e per tanto sono stati meritevoli dei nostri contributi. Non ci resta dunque che dare avvio ai lavori, con la certezza che ognuna delle azioni in campo non potr\u00e0 far altro che migliorare l\u2019autenticit\u00e0 del nostro Parco\u00bb &#8211; <\/i>dichiara il <b>presidente del Parco delle Orobie Bergamasche, Yvan Caccia.<\/b><\/p>\n","protected":false},"excerpt":{"rendered":"<p>Le Comunit\u00e0 Montane della Valle Brembana e di Scalve hanno ricevuto un contributo da 45 mila euro per gli interventi di manutenzione ordinaria dei sentieri del Parco delle Orobie Bergamasche. Il contributo prevede: 15 mila euro alla Comunit\u00e0 Montana Valle Brembana per il progetto dedicato agli interventi di manutenzione ordinaria che saranno effettuati nei comuni [&hellip;]<\/p>\n","protected":false},"author":3407,"featured_media":0,"comment_status":"open","ping_status":"open","sticky":false,"template":"","format":"standard","meta":{"footnotes":""},"categories":[29,15],"tags":[17044],"class_list":["post-27057","post","type-post","status-publish","format-standard","hentry","category-comunicati","category-sport","tag-parcodelleorobie-orobiebergamasche-itinerari-sentieri-montagna"],"_links":{"self":[{"href":"https:\/\/www.area-press.eu\/comunicatistampa\/wp-json\/wp\/v2\/posts\/27057","targetHints":{"allow":["GET"]}}],"collection":[{"href":"https:\/\/www.area-press.eu\/comunicatistampa\/wp-json\/wp\/v2\/posts"}],"about":[{"href":"https:\/\/www.area-press.eu\/comunicatistampa\/wp-json\/wp\/v2\/types\/post"}],"author":[{"embeddable":true,"href":"https:\/\/www.area-press.eu\/comunicatistampa\/wp-json\/wp\/v2\/users\/3407"}],"replies":[{"embeddable":true,"href":"https:\/\/www.area-press.eu\/comunicatistampa\/wp-json\/wp\/v2\/comments?post=27057"}],"version-history":[{"count":1,"href":"https:\/\/www.area-press.eu\/comunicatistampa\/wp-json\/wp\/v2\/posts\/27057\/revisions"}],"predecessor-version":[{"id":27060,"href":"https:\/\/www.area-press.eu\/comunicatistampa\/wp-json\/wp\/v2\/posts\/27057\/revisions\/27060"}],"wp:attachment":[{"href":"https:\/\/www.area-press.eu\/comunicatistampa\/wp-json\/wp\/v2\/media?parent=27057"}],"wp:term":[{"taxonomy":"category","embeddable":true,"href":"https:\/\/www.area-press.eu\/comunicatistampa\/wp-json\/wp\/v2\/categories?post=27057"},{"taxonomy":"post_tag","embeddable":true,"href":"https:\/\/www.area-press.eu\/comunicatistampa\/wp-json\/wp\/v2\/tags?post=27057"}],"curies":[{"name":"wp","href":"https:\/\/api.w.org\/{rel}","templated":true}]}}