{"id":27025,"date":"2017-12-01T01:16:23","date_gmt":"2017-12-01T00:16:23","guid":{"rendered":"http:\/\/www.area-press.eu\/comunicatistampa\/?p=27025"},"modified":"2017-12-01T01:16:23","modified_gmt":"2017-12-01T00:16:23","slug":"capodanno-per-famiglie-con-la-compagnia-teatrale-i-ridikulus","status":"publish","type":"post","link":"https:\/\/www.area-press.eu\/comunicatistampa\/2017\/12\/01\/capodanno-per-famiglie-con-la-compagnia-teatrale-i-ridikulus\/","title":{"rendered":"Capodanno per famiglie con la compagnia teatrale I Ridikulus"},"content":{"rendered":"<p>L&#8217;UNICO EVENTO A TEATRO dove i bambini assieme ai loro genitori, nonni e zii saranno i protagonisti!<\/p>\n<p><u>Terzo anno consecutivo<\/u> dell&#8217;evento \u201cCAPODANNO PER FAMIGLIE\u201d della Compagnia Teatrale \u201cI RIDIKULUS\u201d, qui a Roma.<\/p>\n<p>Dopo il grandissimo successo del Capodanno 2015 e del 2016, anche quest&#8217;anno il 31 dicembre ci sar\u00e0 lo spettacolo per famiglie, dove i bambini assieme ai loro genitori rideranno con la magia del teatro e aspetteranno il 2018 assieme agli attori con SPETTACOLO, BALLI, GIOCHI, DIVERTIMENTO, PANDORO, PANETTONE, DOLCI e SPUMANTE per TUTTI!<\/p>\n<p>Quest&#8217;anno la location per il CAPODANNO PER FAMIGLIE sar\u00e0 il TEATRO SALA UNO, sito in Piazza di Porta San Giovanni, 10<br \/>\n(100 metri dalla METRO A &#8211; fermata SAN GIOVANNI).<br \/>\nTeatro bellissimo, al centro di Roma di fronte alla Basilica di San Giovanni in Laterano.<br \/>\nPer info e prenotazioni potete chiamare il numero 349.1627031 o inviare una mail a &#8220;capodannoperfamiglie@libero.it&#8221;<\/p>\n<p><strong>PRENOTAZIONE OBBLIGATORIA!<\/strong><\/p>\n<p>Il costo \u00e8 di 35 euro per adulti (tessera associativa del teatro INCLUSA) e 30 euro per i bambini.<\/p>\n<p>Programma della serata:<\/p>\n<p>ore 21.30: <strong>ARRIVO IN TEATRO<\/strong><br \/>\nore 22.00: <strong>INIZIO DELLO SPETTACOLO \u201cBABBO NATALE\u00a0 SUPERSTAR!\u201d<\/strong><br \/>\nore 23.15: <strong>PANDORO, DOLCI e PANETTONE PER TUTTI!<\/strong><br \/>\nore 23.55: <strong>INIZIO COUNTDOWN PER LA MEZZANOTTE<\/strong><br \/>\nore 00.00: <strong>SPUMANTE&#8230; BRINDISI con gli attori e&#8230; AUGURI!<\/strong><br \/>\nore 00.10: <strong>BALLI DI GRUPPO e ANIMAZIONE<\/strong><br \/>\nore 00.30: <strong>SKETCH COMICI per TUTTA LA FAMIGLIA<\/strong><br \/>\nore 01.00: <strong>SALUTI e BALLI<\/strong><\/p>\n<p><strong><u>SINOSSI DELLO SPETTACOLO:<\/u><\/strong><\/p>\n<p><strong>\u201cBABBO NATALE SUPERSTAR\u201d<\/strong><strong><\/p>\n<p><\/strong>&#8220;Babbo Natale vive felice e spensierato nella sua casa al Polo Nord, in compagnia della sua governante e del suo capo elfo Sgronky.<br \/>\nUn giorno riceve la visita della stravagante dottoressa Georgette Obsol\u00e8 e del suo fido assistente George Novit\u00e8 che propongono a Babbo Natale un cambio look e un modo moderno di vivere e di esternare la propria immagine.<br \/>\nIn realt\u00e0 i due sono degli impostori che vogliono distrarre Babbo Natale dai suoi doveri, riducendolo schiavo delle nuove tecnologie, del consumismo e del disperato desiderio di fama che sono i difetti peggiori della societ\u00e0 attuale.<br \/>\nRiuscir\u00e0 Babbo Natale a tornare in s\u00e8 e a riprendere in mano i suoi doveri?<br \/>\nUna storia molto divertente che incanter\u00e0 e far\u00e0 ridere grandi e piccini.<br \/>\nUna storia che far\u00e0 riflettere tutti sulla societ\u00e0 e sui tempi moderni che trascinano i veri valori nel dimenticatoio.&#8221;<\/p>\n<p><strong>ATTENZIONE:<br \/>\n<\/strong>Solo chi sar\u00e0 presente allo spettacolo di capodanno potr\u00e0 partecipare a un &#8220;gioco&#8221; che metter\u00e0 in palio dei biglietti omaggio per lo spettacolo di Pinocchio che sar\u00e0 in scena a Gennaio&#8230; Presto informazioni dettagliate!<\/p>\n<p>LINK DEI NOSTRI SOCIAL:<\/p>\n<p><a href=\"https:\/\/www.facebook.com\/teatrofamiglie\/\">https:\/\/www.facebook.com\/teatrofamiglie\/<\/a><\/p>\n<p>&nbsp;<\/p>\n<p><a href=\"https:\/\/www.facebook.com\/CompagniaTeatraleiRidikulus\/\">https:\/\/www.facebook.com\/CompagniaTeatraleiRidikulus\/<\/a><\/p>\n<p>&nbsp;<\/p>\n<p>Link dell&#8217;evento su facebook:<br \/>\n<a href=\"https:\/\/www.facebook.com\/events\/534110730268379\/\">https:\/\/www.facebook.com\/events\/534110730268379\/<\/a><\/p>\n","protected":false},"excerpt":{"rendered":"<p>L&#8217;UNICO EVENTO A TEATRO dove i bambini assieme ai loro genitori, nonni e zii saranno i protagonisti! Terzo anno consecutivo dell&#8217;evento \u201cCAPODANNO PER FAMIGLIE\u201d della Compagnia Teatrale \u201cI RIDIKULUS\u201d, qui a Roma. Dopo il grandissimo successo del Capodanno 2015 e del 2016, anche quest&#8217;anno il 31 dicembre ci sar\u00e0 lo spettacolo per famiglie, dove i [&hellip;]<\/p>\n","protected":false},"author":4059,"featured_media":0,"comment_status":"open","ping_status":"open","sticky":false,"template":"","format":"standard","meta":{"footnotes":""},"categories":[29,8],"tags":[9780,17026,1049,878],"class_list":["post-27025","post","type-post","status-publish","format-standard","hentry","category-comunicati","category-eventi","tag-babbo-natale","tag-compagnia","tag-roma","tag-teatro"],"_links":{"self":[{"href":"https:\/\/www.area-press.eu\/comunicatistampa\/wp-json\/wp\/v2\/posts\/27025","targetHints":{"allow":["GET"]}}],"collection":[{"href":"https:\/\/www.area-press.eu\/comunicatistampa\/wp-json\/wp\/v2\/posts"}],"about":[{"href":"https:\/\/www.area-press.eu\/comunicatistampa\/wp-json\/wp\/v2\/types\/post"}],"author":[{"embeddable":true,"href":"https:\/\/www.area-press.eu\/comunicatistampa\/wp-json\/wp\/v2\/users\/4059"}],"replies":[{"embeddable":true,"href":"https:\/\/www.area-press.eu\/comunicatistampa\/wp-json\/wp\/v2\/comments?post=27025"}],"version-history":[{"count":1,"href":"https:\/\/www.area-press.eu\/comunicatistampa\/wp-json\/wp\/v2\/posts\/27025\/revisions"}],"predecessor-version":[{"id":27026,"href":"https:\/\/www.area-press.eu\/comunicatistampa\/wp-json\/wp\/v2\/posts\/27025\/revisions\/27026"}],"wp:attachment":[{"href":"https:\/\/www.area-press.eu\/comunicatistampa\/wp-json\/wp\/v2\/media?parent=27025"}],"wp:term":[{"taxonomy":"category","embeddable":true,"href":"https:\/\/www.area-press.eu\/comunicatistampa\/wp-json\/wp\/v2\/categories?post=27025"},{"taxonomy":"post_tag","embeddable":true,"href":"https:\/\/www.area-press.eu\/comunicatistampa\/wp-json\/wp\/v2\/tags?post=27025"}],"curies":[{"name":"wp","href":"https:\/\/api.w.org\/{rel}","templated":true}]}}