{"id":26551,"date":"2017-11-16T19:39:12","date_gmt":"2017-11-16T18:39:12","guid":{"rendered":"http:\/\/www.area-press.eu\/comunicatistampa\/?p=26551"},"modified":"2017-11-16T19:39:12","modified_gmt":"2017-11-16T18:39:12","slug":"in-ristopiu-lombardia-arriva-il-natale-dei-talenti","status":"publish","type":"post","link":"https:\/\/www.area-press.eu\/comunicatistampa\/2017\/11\/16\/in-ristopiu-lombardia-arriva-il-natale-dei-talenti\/","title":{"rendered":"In Ristopi\u00f9 Lombardia arriva il Natale dei Talenti"},"content":{"rendered":"<p><em>Il 18 dicembre, dalle 9 alle 17,30, sar\u00e0 possibile acquistare gli oggetti realizzati dalle persone con disabilit\u00e0 inserite nel progetto \u201cTikiTaka Equiliberi di essere\u201d.<\/em><\/p>\n<p>Varedo, data &#8211; Il Natale \u00e8 sempre speciale solo se \u00e8 solidale. Ovvero se si libera dagli aspetti commerciali per valorizzare anche i concetti di solidariet\u00e0, attenzione, generosit\u00e0. \u00c8 con questo spirito che Ristopi\u00f9 Lombardia ospita, il 18 dicembre, presso la propria Sala Cucina, modernissima e accogliente struttura, il Natale dei Talenti, un mercatino nel quale saranno esposti gli oggetti preparati in seno ai Centri Diurni persone con Disabilit\u00e0 (C.D.D.) di Nova, Muggi\u00f2, Cesano Maderno e Desio e\u00a0ai Percorsi Personalizzati Disabili (P.P.D.)\u00a0di Desio.<\/p>\n<p>Il mercatino sar\u00e0 aperto dalle 9 alle 17,30 presso la sede dell\u2019azienda, in Via Monte Tre Croci 5 a Varedo: potranno accedervi clienti, fornitori, partner, nonch\u00e9 tutti i cittadini che vorranno dedicarsi allo \u201cshopping del cuore\u201d, previa registrazione attraverso l\u2019invio di una e-mail all\u2019indirizzo <a href=\"mailto:anna.esposti@ristopiulombardia.it\">info@ristopiulombardia.it<\/a> (\u00e8 possibile anche chiamare il numero 0362 5839200 &#8211; chiedere di Anna Esposti).<\/p>\n<p>Le strutture coinvolte nell\u2019iniziativa fanno parte del <strong>progetto <\/strong><strong>TikiTaka Equiliberi Di Essere<\/strong>, sostenuto da Fondazione Cariplo, attivo nei comuni del monzese e desiano, che ha l\u2019obiettivo di rendere le comunit\u00e0 del territorio pi\u00f9 accoglienti e inclusive nei confronti della diversit\u00e0. Far vivere alle persone con disabilit\u00e0 i propri sogni non \u00e8 irrealizzabile, anzi. Proprio per ricordare che la diversit\u00e0 non \u00e8 limite, ma ricchezza, TikiTaka propone durante l\u2019anno laboratori, attivit\u00e0 e percorsi. Le persone che frequentano le strutture del progetto rappresentano una vera risorsa e vengono coinvolte attivamente nella vita della comunit\u00e0. Il mercatino allestito presso Ristopi\u00f9 \u00e8 la testimonianza concreta di questo percorso di inclusione.<\/p>\n<p><em>\u201cSe fossi Babbo Natale \u2013 <\/em>spiega il <strong>Presidente di Ristopi\u00f9 Lombardia, Giuseppe Arditi<\/strong><em> \u2013 non potrei essere pi\u00f9 felice. Il 18 dicembre la nostra azienda si apre alla cittadinanza e ospita i tesori pi\u00f9 preziosi, ossia i lavori realizzati dalle persone con disabilit\u00e0 con il supporto del progetto TikiTaka. Confidiamo che questo mercatino sia favoloso, non solo per gli oggetti che potranno essere acquistati, ma anche per lo spirito del Natale che finalmente prender\u00e0 vita. Aspettiamo tutti per un incontro speciale e unico, da non perdere\u201d. <\/em><\/p>\n<p>Per info: <strong>mit@ristopiulombardia.it oppure chiamare il numero 0362 5839200 <\/strong><\/p>\n<p><strong>\u00a0Informazioni su Tikitaka Equiliberi Di Essere <\/strong><\/p>\n<p><em>Il progetto \u201cTIKITAKA \u2013 Equiliberi di essere\u201d \u00e8 realizzato da 8 realt\u00e0 che hanno unito le forze per il bene della comunit\u00e0: Consorzio Desio \u2013 Brianza come capofila, Il Seme, Solaris, Tre Effe, Il Brugo, L\u2019iride, Fondazione Stefania e Novo Millennio.<\/em><em> Un gruppo coeso inserito all\u2019interno di una grande rete composta dai Comuni di Desio, Monza, Brugherio, Cesano Maderno, Muggi\u00f2, Varedo, Limbiate, Nova Milanese, Bovisio Masciago, Villasanta, insieme ad oltre 30 realt\u00e0 del territorio tra cooperative e associazioni impegnate sulla disabilit\u00e0, istituzioni scolastiche, culturali, parrocchie, associazioni sportive e imprese profit, Fondazione Comunit\u00e0 Monza e Brianza, Ats Brianza, Provincia MB, Associazioni di categoria, organizzazioni sindacali.<\/em><\/p>\n<p><a href=\"http:\/\/www.progettotikitaka.com\">www.progettotikitaka.com<\/a><em> \u2013 FB: progettotikitaka<\/em><\/p>\n<p><em>\u00a0<\/em><\/p>\n","protected":false},"excerpt":{"rendered":"<p>Il 18 dicembre, dalle 9 alle 17,30, sar\u00e0 possibile acquistare gli oggetti realizzati dalle persone con disabilit\u00e0 inserite nel progetto \u201cTikiTaka Equiliberi di essere\u201d. Varedo, data &#8211; Il Natale \u00e8 sempre speciale solo se \u00e8 solidale. Ovvero se si libera dagli aspetti commerciali per valorizzare anche i concetti di solidariet\u00e0, attenzione, generosit\u00e0. \u00c8 con questo [&hellip;]<\/p>\n","protected":false},"author":165,"featured_media":0,"comment_status":"open","ping_status":"open","sticky":false,"template":"","format":"standard","meta":{"footnotes":""},"categories":[18,3,4,5,29],"tags":[],"class_list":["post-26551","post","type-post","status-publish","format-standard","hentry","category-altri-vari","category-arte-e-cultura","category-attualita-e-societa","category-aziendali","category-comunicati"],"_links":{"self":[{"href":"https:\/\/www.area-press.eu\/comunicatistampa\/wp-json\/wp\/v2\/posts\/26551","targetHints":{"allow":["GET"]}}],"collection":[{"href":"https:\/\/www.area-press.eu\/comunicatistampa\/wp-json\/wp\/v2\/posts"}],"about":[{"href":"https:\/\/www.area-press.eu\/comunicatistampa\/wp-json\/wp\/v2\/types\/post"}],"author":[{"embeddable":true,"href":"https:\/\/www.area-press.eu\/comunicatistampa\/wp-json\/wp\/v2\/users\/165"}],"replies":[{"embeddable":true,"href":"https:\/\/www.area-press.eu\/comunicatistampa\/wp-json\/wp\/v2\/comments?post=26551"}],"version-history":[{"count":1,"href":"https:\/\/www.area-press.eu\/comunicatistampa\/wp-json\/wp\/v2\/posts\/26551\/revisions"}],"predecessor-version":[{"id":26552,"href":"https:\/\/www.area-press.eu\/comunicatistampa\/wp-json\/wp\/v2\/posts\/26551\/revisions\/26552"}],"wp:attachment":[{"href":"https:\/\/www.area-press.eu\/comunicatistampa\/wp-json\/wp\/v2\/media?parent=26551"}],"wp:term":[{"taxonomy":"category","embeddable":true,"href":"https:\/\/www.area-press.eu\/comunicatistampa\/wp-json\/wp\/v2\/categories?post=26551"},{"taxonomy":"post_tag","embeddable":true,"href":"https:\/\/www.area-press.eu\/comunicatistampa\/wp-json\/wp\/v2\/tags?post=26551"}],"curies":[{"name":"wp","href":"https:\/\/api.w.org\/{rel}","templated":true}]}}