{"id":26354,"date":"2017-11-13T18:16:59","date_gmt":"2017-11-13T17:16:59","guid":{"rendered":"http:\/\/www.area-press.eu\/comunicatistampa\/?p=26354"},"modified":"2017-11-13T18:16:59","modified_gmt":"2017-11-13T17:16:59","slug":"aree-interne-da-ri-attivaree-ecco-il-programma-di-fondazione-cariplo-per-la-rinascita-dellitalia-marginale","status":"publish","type":"post","link":"https:\/\/www.area-press.eu\/comunicatistampa\/2017\/11\/13\/aree-interne-da-ri-attivaree-ecco-il-programma-di-fondazione-cariplo-per-la-rinascita-dellitalia-marginale\/","title":{"rendered":"Aree interne, da \u201cri-AttivAree\u201d, ecco il Programma di Fondazione Cariplo per la rinascita dell&#8217;Italia marginale"},"content":{"rendered":"<p><strong>Fondazione Cariplo punta sulle aree interne, con un Programma Intersettoriale da 10 milioni di euro, per la rinascita dell&#8217;Oltrep\u00f2 Pavese e dell&#8217;alta montagna bresciana.<\/strong><\/p>\n<p>1 Programma Intersettoriale, 2 territori e 10 milioni di euro. Questi i numeri di AttivAree, il programma di Fondazione Cariplo mirato alla rinascita delle aree interne.<\/p>\n<p>L&#8217;obiettivo \u00e8 ambizioso: migliorare l&#8217;attrattivit\u00e0 dei territorio scelti &#8211; l&#8217;Oltrep\u00f2 Pavese e la parte alta delle valli bresciane Trompia e Sabbia &#8211; innescando un processo di cambiamento, e accompagnando i territori in un processo di crescita sociale, culturale ed economica.<\/p>\n<p>I Progetti Finanziati:<\/p>\n<p><strong>Oltrep\u00f2 (BIO)diverso<\/strong> e <strong>Valli Resilienti<\/strong> sono i due progetti di \u201crinascita\u201d delle aree interne finanziati da Fondazione Cariplo attraverso il programma intersettoriale AttivAree. Con 10 milioni di euro messi a disposizione per il triennio 2016-2018, AttivAree intende intervenire sul tema delle aree marginali, contribuendo ad invertire la tendenza allo spopolamento con azioni finalizzate a ridurne l\u2019isolamento.<\/p>\n<p>La promozione dello sviluppo locale sostenibile, la valorizzazione delle risorse ambientali, economiche, sociali e culturali, il consolidamento di legami di collaborazione, solidariet\u00e0 e appartenenza puntano all\u2019incremento dell\u2019attrattivit\u00e0 per gli abitanti, nuovi residenti e potenziali investitori.<\/p>\n<p>Entrambi i progetti finanziati dal programma AttivAree (che sono stati selezionati tra le idee progettuali presentate da 11 territori della Lombardia e del Verbano-Cusio-Ossola durante la fase di Call) hanno colto l&#8217;idea dello sviluppo e consolidamento strutturato di un immaginario ponte verso la citt\u00e0 e i centri urbani di maggiori dimensioni dell&#8217;area, non in chiave di subalternit\u00e0 o di perdita della propria identit\u00e0 ma di complementariet\u00e0 e di scambio di know how e servizi. Cos\u00ec come hanno evidenziato l&#8217;importanza dell&#8217;accoglienza di migranti e richiedenti asilo in chiave di ripopolamento e apertura multiculturale.<\/p>\n<p>Nel caso del progetto Oltrep\u00f2 (BIO)diverso, promosso dalla Fondazione Sviluppo Oltrep\u00f2 Pavese, particolarmente interessante \u00e8 la visione di cambiamento proposta, basata sulla biodiversit\u00e0 come fattore di competitivit\u00e0, connessione, sviluppo e ripopolamento, un progetto che potremmo definire di \u201crigenerazione rurale e comunitaria&#8221;. La biodiversit\u00e0 \u00e8 intesa anche in senso sociale, culturale e interculturale, attribuendo un rinnovato ruolo all\u2019agricoltura e al paesaggio anche come ambiti di applicazione di ricerca scientifica.<\/p>\n<p>L&#8217;accesso alla terra \u00e8 un elemento fondamentale per promuovere l\u2019attivit\u00e0 agricola multifunzionale e per questo si intende lavorare per il superamento della frammentazione fondiaria e per la valorizzazione del patrimonio di biodiversit\u00e0 (ad esempio, la ricchezza di specie di farfalle presenti in Oltrep\u00f2 \u00e8 pari a quella dell&#8217;intera Gran Bretagna).<\/p>\n<p>Collegata a questa visione, \u00e8 l&#8217;idea di aprire la comunit\u00e0 locale a giovani e migranti e di sviluppare nuovi servizi che favoriscano il ripopolamento rurale e la conciliazione lavoro-famiglie e quindi una maggiore occupazione femminile, nonch\u00e9 la riattivazione di luoghi che rafforzi il processo di identit\u00e0 culturale collettiva.<\/p>\n<p>Nel progetto \u201cValli Resilienti\u201d, proposto dalle Comunit\u00e0 Montane di Valle Trompia e Valle Sabbia, l&#8217;idea di rilancio \u00e8 basata su una strategia articolata su diversi ambiti tematici, che punta a valorizzare le esperienze e competenze del territorio, insieme alle opportunit\u00e0 offerte dalle nuove tecnologie.<\/p>\n<p>Vi \u00e8 inoltre un buon equilibrio tra il &#8220;dentro&#8221; e il &#8220;fuori&#8221;: da un lato servizi di prossimit\u00e0 agli abitanti gestiti in rete attraverso cooperative sociali e azioni di valorizzazione di prodotti locali, dall&#8217;altro efficienza amministrativa per attrarre nuovi investitori o accoglienza specializzata per target sociali fragili provenienti anche da altri territori.<\/p>\n<p>La leva che si intende utilizzare si basa sulla volont\u00e0 di collaborazione e reciproca contaminazione tra i partner, scambiandosi buone pratiche e replicando quelle che funzionano.<\/p>\n<p>Il programma AttivAree \u00e8 in costante dialogo con le istituzioni e le iniziative progettuali sul tema delle aree interne e montane, e in particolare con quelle della Strategia Nazionale Aree Interne a livello nazionale, regionale e locale.<\/p>\n<p>Tutte le informazioni sul Programma\u00a0<a href=\"http:\/\/attivaree.fondazionecariplo.it\/it\/index.html\">AttivAree<\/a> si possono ottenere collegandosi al sito istituzionale che \u00e8 costantemente aggiornato.<br \/>\nNel sito \u00e8 stata inserita una sezione blog che ha una doppia funzione, da un lato documentare come fosse un diario di bordo, agli sviluppi dei progetti territoriali, focalizzando l&#8217;attenzione sugli stessi e narrandoli in modo adeguato; dall&#8217;altro raccontare i protagonisti del cambiamento sia a livello locale dei territori coinvolti che a livello nazionale, facendo spazio a esperienze e testimonianze di persone che sono attive sul fronte della valorizzazione delle aree interne.<\/p>\n<p><a href=\"http:\/\/attivaree.fondazionecariplo.it\/it\/index.html\">\u00a0Sito AttivAree.<\/a><\/p>\n","protected":false},"excerpt":{"rendered":"<p>Fondazione Cariplo punta sulle aree interne, con un Programma Intersettoriale da 10 milioni di euro, per la rinascita dell&#8217;Oltrep\u00f2 Pavese e dell&#8217;alta montagna bresciana. 1 Programma Intersettoriale, 2 territori e 10 milioni di euro. Questi i numeri di AttivAree, il programma di Fondazione Cariplo mirato alla rinascita delle aree interne. L&#8217;obiettivo \u00e8 ambizioso: migliorare l&#8217;attrattivit\u00e0 [&hellip;]<\/p>\n","protected":false},"author":4819,"featured_media":0,"comment_status":"open","ping_status":"open","sticky":false,"template":"","format":"immagine","meta":{"footnotes":""},"categories":[4],"tags":[16658],"class_list":["post-26354","post","type-post","status-publish","format-immagine","hentry","category-attualita-e-societa","tag-aree-interne","post_format-immagine"],"_links":{"self":[{"href":"https:\/\/www.area-press.eu\/comunicatistampa\/wp-json\/wp\/v2\/posts\/26354","targetHints":{"allow":["GET"]}}],"collection":[{"href":"https:\/\/www.area-press.eu\/comunicatistampa\/wp-json\/wp\/v2\/posts"}],"about":[{"href":"https:\/\/www.area-press.eu\/comunicatistampa\/wp-json\/wp\/v2\/types\/post"}],"author":[{"embeddable":true,"href":"https:\/\/www.area-press.eu\/comunicatistampa\/wp-json\/wp\/v2\/users\/4819"}],"replies":[{"embeddable":true,"href":"https:\/\/www.area-press.eu\/comunicatistampa\/wp-json\/wp\/v2\/comments?post=26354"}],"version-history":[{"count":5,"href":"https:\/\/www.area-press.eu\/comunicatistampa\/wp-json\/wp\/v2\/posts\/26354\/revisions"}],"predecessor-version":[{"id":26359,"href":"https:\/\/www.area-press.eu\/comunicatistampa\/wp-json\/wp\/v2\/posts\/26354\/revisions\/26359"}],"wp:attachment":[{"href":"https:\/\/www.area-press.eu\/comunicatistampa\/wp-json\/wp\/v2\/media?parent=26354"}],"wp:term":[{"taxonomy":"category","embeddable":true,"href":"https:\/\/www.area-press.eu\/comunicatistampa\/wp-json\/wp\/v2\/categories?post=26354"},{"taxonomy":"post_tag","embeddable":true,"href":"https:\/\/www.area-press.eu\/comunicatistampa\/wp-json\/wp\/v2\/tags?post=26354"}],"curies":[{"name":"wp","href":"https:\/\/api.w.org\/{rel}","templated":true}]}}