{"id":26199,"date":"2017-11-07T14:33:49","date_gmt":"2017-11-07T13:33:49","guid":{"rendered":"http:\/\/www.area-press.eu\/comunicatistampa\/?p=26199"},"modified":"2017-11-07T14:33:49","modified_gmt":"2017-11-07T13:33:49","slug":"il-futuro-di-leonardo-nellintervista-allad-alessandro-profumo","status":"publish","type":"post","link":"https:\/\/www.area-press.eu\/comunicatistampa\/2017\/11\/07\/il-futuro-di-leonardo-nellintervista-allad-alessandro-profumo\/","title":{"rendered":"Il futuro di Leonardo nell\u2019intervista all\u2019AD Alessandro Profumo"},"content":{"rendered":"<p><em><strong>Le nuove strategie di Leonardo in vista di un grande obiettivo: ritornare all&#8217;investment grade. Il pensiero di <a href=\"http:\/\/www.corriere.it\/economia\/leconomia\/17_settembre_26\/profumo-miei-primi-100-giorni-leonardo-finmeccanica-d54bf62e-a2b0-11e7-82cf-331a0e731b92.shtml\" title=\"Alessandro Profumo, intervista corriere\">Alessandro Profumo<\/a> , dal 16 maggio 2017 AD di Leonardo, nella prima intervista rilasciata al &quot;Corriere della Sera&quot; dal suo insediamento nel gruppo.<\/strong> <\/em><\/p>\n<p><a href=\"http:\/\/www.corriere.it\/economia\/leconomia\/17_settembre_26\/profumo-miei-primi-100-giorni-leonardo-finmeccanica-d54bf62e-a2b0-11e7-82cf-331a0e731b92.shtml\" title=\"Alessandro Profumo\"><img loading=\"lazy\" decoding=\"async\" alt=\"Alessandro Profumo, AD di Leonardo\" height=\"264\" src=\"http:\/\/images2.corriereobjects.it\/methode_image\/2017\/09\/26\/Economia\/Foto%20Economia%20-%20Trattate\/PROFUMO%20big_04%20Quadrato1-k40D-U433707185171112nB-1224x916@Corriere-Web-Sezioni-593x443.jpg?v=20170926181016\" width=\"353\" \/><\/a><\/p>\n<h2>L&#8217;AD Alessandro Profumo: &quot;Leonardo sempre pi\u00f9 tecnologica, civile e vicina al cliente&quot;<\/h2>\n<p>C&#8217;\u00e8 grande entusiasmo nelle parole di <strong>Alessandro Profumo<\/strong> , da poco pi\u00f9 di tre mesi alla guida di Leonardo. Riportare il gruppo &quot;nel pi\u00f9 breve tempo possibile&quot; all&#8217;investment grade, cio\u00e8 al gradimento delle agenzie di rating, \u00e8 l&#8217;obiettivo che l&#8217;AD sottolinea nella prima intervista che ha rilasciato dal giorno del suo insediamento nel gruppo. Il termine ultimo \u00e8 il 2022, quando sar\u00e0 concluso il piano strategico quinquennale che il manager presenter\u00e0 a gennaio, ma gi\u00e0 ora ha ben presente in quale direzione andare: maggior attenzione al cliente, elicotteri a prezzi accessibili anche per soccorsi civili, veicoli hi-tech a guida autonoma. &quot;Leonardo fra 20 anni sar\u00e0 un&#8217;azienda tecnologica che porta occupazione nel Paese&quot; dichiara a &quot;L&#8217;Economia&quot; del &quot;Corriere della Sera&quot;, ribadendo la centralit\u00e0 del cliente: &quot;Noi siamo un po&#8217; degli artigiani, in fondo. Abbiamo linee di produzione, ma ogni prodotto \u00e8 costruito in modo specifico per i clienti: la necessit\u00e0 di ascoltarli \u00e8 sempre pi\u00f9 importante&quot;. Non solo quelli istituzionali, come &quot;Difesa, governi, forze di polizia&quot;, ma anche i tanti civili (settore agricolo, dell&#8217;oil&amp;gas, servizi d&#8217;emergenza, spazio e satelliti): nel futuro di Leonardo ci saranno pi\u00f9 elicotteri speciali per soccorsi civili e veicoli &quot;unmanned&quot;, senza pilota (velivoli ma anche sommergibili). Ed elicotteri di medio peso, perch\u00e9, come aveva detto l&#8217;AD a luglio in occasione della semestrale &quot;non possiamo costruire solo Ferrari, dobbiamo avere anche l&#8217;Alfa&quot;: l&#8217;ottica resta infatti quella di aprirsi a un pubblico pi\u00f9 ampio con prodotti e servizi costruiti sulle &quot;necessit\u00e0 del cliente, seguendo il concetto del value for money&quot;. La customer care sar\u00e0 dunque una parte fondamentale del corso che <strong><a href=\"http:\/\/www.corriere.it\/economia\/leconomia\/17_settembre_26\/profumo-miei-primi-100-giorni-leonardo-finmeccanica-d54bf62e-a2b0-11e7-82cf-331a0e731b92.shtml\" title=\"Alessandro Profumo, intervista crescita gruppo Leonardo\">Alessandro Profumo<\/a><\/strong> vuole imprimere a Leonardo, ma non l&#8217;unica: &quot;Ci saranno tre colonne. Primo, i ricavi: creano capacit\u00e0 d&#8217;investire, vanno aumentati. Secondo, una marginalit\u00e0 che consenta di essere fra i leader nel settore. Terzo, un debito sotto controllo, tale da rendere Leonardo investment grade in modo stabile e solido&quot;. Nell&#8217;intervista l&#8217;AD, oltre a promuovere la struttura One Company voluta dal suo predecessore, torna sul tema della Difesa Unica Europea: &quot;Un ministro della Difesa europeo mi sembra di l\u00e0 da venire ma vedo grande fermento. Per noi questo \u00e8 fondamentale, a partire dai programmi di ricerca. Vediamo come estremamente positivo un ruolo nella Difesa europea&quot;.<\/p>\n<h2>Top Manager: il profilo professionale di Alessandro Profumo, AD di Leonardo<\/h2>\n<p>Nato a Genova nel 1957, <strong>Alessandro Profumo<\/strong> si trasferisce con la famiglia d&#8217;origine a Milano. Qui frequenta il liceo classico Manzoni e in seguito si iscrive all&#8217;universit\u00e0 Bocconi intraprendendo un percorso di studi in ambito economico. Nel 1977 avvia la propria carriera in Banco Lariano, dove opera per dieci anni nell&#8217;area affari e in quella esecutiva. Dopo alcune esperienze manageriali in McKinsey &amp; Company e in Bain, Cuneo e associati (oggi Bain &amp; Company), nel 1991 torna nel settore assicurativo-bancario, ricoprendo la posizione di Direttore Centrale in gruppo RAS. Passa a Credito Italiano nel 1994: inizialmente Condirettore Centrale, cresce professionalmente diventando Direttore Generale nel 1995 e Amministratore Delegato nel 1997. Nel 1998 assiste alla nascita del gruppo Unicredit, di cui assume la guida: sette anni dopo supervisioner\u00e0 l&#8217;integrazione con il gruppo tedesco HVB. Nel 2007 la fusione tra Unicredit e Capitalia porta il manager a dirigere uno dei pi\u00f9 grandi gruppi bancari di tutta Europa. Nel 2011 diventa Presidente e maggiore azionista di Appeal Strategy &amp; Finance, societ\u00e0 di consulenza strategica e finanziaria internazionale. Il 18 marzo 2012 viene nominato Presidente del nuovo Consiglio d&#8217;Amministrazione del Monte dei Paschi di Siena. Prima di essere eletto AD di Leonardo nel 2017, \u00e8 stato anche Presidente di Equita SIM (2015-2017). <strong>Alessandro Profumo<\/strong> nel corso della sua carriera ha lavorato anche in ABI come Vicepresidente: \u00e8 stato insignito dei titoli di Cavaliere del Lavoro (2004) e di Grande Ufficiale dell&#8217;Ordine al Merito della Repubblica Italiana (2005).<\/p>\n","protected":false},"excerpt":{"rendered":"<p>Le nuove strategie di Leonardo in vista di un grande obiettivo: ritornare all&#8217;investment grade. Il pensiero di Alessandro Profumo , dal 16 maggio 2017 AD di Leonardo, nella prima intervista rilasciata al &quot;Corriere della Sera&quot; dal suo insediamento nel gruppo. L&#8217;AD Alessandro Profumo: &quot;Leonardo sempre pi\u00f9 tecnologica, civile e vicina al cliente&quot; C&#8217;\u00e8 grande entusiasmo [&hellip;]<\/p>\n","protected":false},"author":4802,"featured_media":0,"comment_status":"open","ping_status":"open","sticky":false,"template":"","format":"standard","meta":{"footnotes":""},"categories":[4,5],"tags":[16576],"class_list":["post-26199","post","type-post","status-publish","format-standard","hentry","category-attualita-e-societa","category-aziendali","tag-alessandro-profumo"],"_links":{"self":[{"href":"https:\/\/www.area-press.eu\/comunicatistampa\/wp-json\/wp\/v2\/posts\/26199","targetHints":{"allow":["GET"]}}],"collection":[{"href":"https:\/\/www.area-press.eu\/comunicatistampa\/wp-json\/wp\/v2\/posts"}],"about":[{"href":"https:\/\/www.area-press.eu\/comunicatistampa\/wp-json\/wp\/v2\/types\/post"}],"author":[{"embeddable":true,"href":"https:\/\/www.area-press.eu\/comunicatistampa\/wp-json\/wp\/v2\/users\/4802"}],"replies":[{"embeddable":true,"href":"https:\/\/www.area-press.eu\/comunicatistampa\/wp-json\/wp\/v2\/comments?post=26199"}],"version-history":[{"count":1,"href":"https:\/\/www.area-press.eu\/comunicatistampa\/wp-json\/wp\/v2\/posts\/26199\/revisions"}],"predecessor-version":[{"id":26202,"href":"https:\/\/www.area-press.eu\/comunicatistampa\/wp-json\/wp\/v2\/posts\/26199\/revisions\/26202"}],"wp:attachment":[{"href":"https:\/\/www.area-press.eu\/comunicatistampa\/wp-json\/wp\/v2\/media?parent=26199"}],"wp:term":[{"taxonomy":"category","embeddable":true,"href":"https:\/\/www.area-press.eu\/comunicatistampa\/wp-json\/wp\/v2\/categories?post=26199"},{"taxonomy":"post_tag","embeddable":true,"href":"https:\/\/www.area-press.eu\/comunicatistampa\/wp-json\/wp\/v2\/tags?post=26199"}],"curies":[{"name":"wp","href":"https:\/\/api.w.org\/{rel}","templated":true}]}}