{"id":26164,"date":"2017-11-07T14:19:58","date_gmt":"2017-11-07T13:19:58","guid":{"rendered":"http:\/\/www.area-press.eu\/comunicatistampa\/?p=26164"},"modified":"2017-11-07T14:19:58","modified_gmt":"2017-11-07T13:19:58","slug":"lavoro-la-mg-raggiunge-i-3-000-clienti-un-grande-risultato-che-riconosce-il-lavoro-dei-soci-della-cooperativa-che-si-occupa-di-terziarizzazione-del-lavoro","status":"publish","type":"post","link":"https:\/\/www.area-press.eu\/comunicatistampa\/2017\/11\/07\/lavoro-la-mg-raggiunge-i-3-000-clienti-un-grande-risultato-che-riconosce-il-lavoro-dei-soci-della-cooperativa-che-si-occupa-di-terziarizzazione-del-lavoro\/","title":{"rendered":"LAVORO. La M&amp;G raggiunge i 3.000 clienti: \u201cUn grande risultato che riconosce il lavoro dei soci della cooperativa che si occupa di terziarizzazione del lavoro\u201d"},"content":{"rendered":"<p>7.300 lavoratori, 14 filiali in tutta Italia, 3.000 clienti. Sono il biglietto da visita della <a href=\"http:\/\/www.megholdingsrl.com\/\">M&amp;G holding<\/a>, societ\u00e0 cooperativa con sede a Roma, che continua il suo progetto di espansione e creazione di posti di lavoro. Immaginata e costruita dal Dr. Luca Gallo nel 2010, la M&amp;G con il tempo \u00e8 diventata la prima realt\u00e0 nazionale specializzata in fornitura di servizi con personale altamente qualificato.<\/p>\n<p>Chi \u00e8 la <a href=\"http:\/\/www.megcoopmultiservizi.com\">M&amp;G<\/a>? E\u2019 una holding, che controlla e riunisce in un gruppo sette societ\u00e0 di M&amp;G, che oggi si configura come una eccellenza nel panorama del lavoro italiano, creando posti di lavoro e andando incontro alle esigenze delle aziende che vogliono ridurre i costi di gestione della propria impresa.<\/p>\n<p>Di cosa si occupa la M&amp;G? E\u2019 una realt\u00e0 generalista, ovvero si occupa di tutti i settori merceologici senza alcuna distinzione. La missione principale \u00e8 quella di far abbattere alle aziende i costi attraverso l\u2019esternalizzazione di rami di azienda che le piccole, medie e grandi imprese vogliono appaltare ad una societ\u00e0 esterna per risparmiare tempo e denaro. Una formula vincente, che ha creato migliaia di posti di lavoro e che ha permesso la crescita di numerosi settori nel panorama professionale nazionale. La M&amp;G vanta un organico lavorativo senza eguali: consulenti del lavoro, commercialisti, amministrativi, avvocati, pronti ad essere di supporto ai clienti, ai lavoratori e a tutti gli imprenditori che fanno parte della grande famiglia M&amp;G. \u201cUna grande organizzazione aziendale \u2013 afferma il Dr. Luca Gallo, presidente della M&amp;G \u2013 come quella nostra non pu\u00f2 che portare benefici per dipendenti e imprese. Ridurre i costi aziendali e aiutare le imprese nelle incombenze burocratiche \u00e8 possibile grazie al lavoro di 7.300 lavoratori che garantiscono seriet\u00e0, correttezza e celerit\u00e0 nelle risposte e nella soluzione di problemi\u201d.<\/p>\n","protected":false},"excerpt":{"rendered":"<p>7.300 lavoratori, 14 filiali in tutta Italia, 3.000 clienti. Sono il biglietto da visita della M&amp;G holding, societ\u00e0 cooperativa con sede a Roma, che continua il suo progetto di espansione e creazione di posti di lavoro. Immaginata e costruita dal Dr. Luca Gallo nel 2010, la M&amp;G con il tempo \u00e8 diventata la prima realt\u00e0 [&hellip;]<\/p>\n","protected":false},"author":4803,"featured_media":0,"comment_status":"open","ping_status":"open","sticky":false,"template":"","format":"standard","meta":{"footnotes":""},"categories":[29,11],"tags":[],"class_list":["post-26164","post","type-post","status-publish","format-standard","hentry","category-comunicati","category-lavoro"],"_links":{"self":[{"href":"https:\/\/www.area-press.eu\/comunicatistampa\/wp-json\/wp\/v2\/posts\/26164","targetHints":{"allow":["GET"]}}],"collection":[{"href":"https:\/\/www.area-press.eu\/comunicatistampa\/wp-json\/wp\/v2\/posts"}],"about":[{"href":"https:\/\/www.area-press.eu\/comunicatistampa\/wp-json\/wp\/v2\/types\/post"}],"author":[{"embeddable":true,"href":"https:\/\/www.area-press.eu\/comunicatistampa\/wp-json\/wp\/v2\/users\/4803"}],"replies":[{"embeddable":true,"href":"https:\/\/www.area-press.eu\/comunicatistampa\/wp-json\/wp\/v2\/comments?post=26164"}],"version-history":[{"count":2,"href":"https:\/\/www.area-press.eu\/comunicatistampa\/wp-json\/wp\/v2\/posts\/26164\/revisions"}],"predecessor-version":[{"id":26166,"href":"https:\/\/www.area-press.eu\/comunicatistampa\/wp-json\/wp\/v2\/posts\/26164\/revisions\/26166"}],"wp:attachment":[{"href":"https:\/\/www.area-press.eu\/comunicatistampa\/wp-json\/wp\/v2\/media?parent=26164"}],"wp:term":[{"taxonomy":"category","embeddable":true,"href":"https:\/\/www.area-press.eu\/comunicatistampa\/wp-json\/wp\/v2\/categories?post=26164"},{"taxonomy":"post_tag","embeddable":true,"href":"https:\/\/www.area-press.eu\/comunicatistampa\/wp-json\/wp\/v2\/tags?post=26164"}],"curies":[{"name":"wp","href":"https:\/\/api.w.org\/{rel}","templated":true}]}}