{"id":26013,"date":"2017-11-04T03:59:04","date_gmt":"2017-11-04T02:59:04","guid":{"rendered":"http:\/\/www.area-press.eu\/comunicatistampa\/?p=26013"},"modified":"2017-11-04T03:59:04","modified_gmt":"2017-11-04T02:59:04","slug":"romeni-moldavi-rom-ed-italiani-uniti-al-congresso-dei-testimoni-di-geova-dal-tema-non-smettiamo-di-fare-cio-che-e-eccellente","status":"publish","type":"post","link":"https:\/\/www.area-press.eu\/comunicatistampa\/2017\/11\/04\/romeni-moldavi-rom-ed-italiani-uniti-al-congresso-dei-testimoni-di-geova-dal-tema-non-smettiamo-di-fare-cio-che-e-eccellente\/","title":{"rendered":"ROMENI, MOLDAVI, ROM ED ITALIANI UNITI AL CONGRESSO DEI TESTIMONI DI GEOVA  DAL TEMA \u201cNON SMETTIAMO DI FARE CI\u00d2 CHE \u00c8 ECCELLENTE\u201d"},"content":{"rendered":"<p><em>Attesi a Imola <strong>1400 partecipanti dal Veneto, Emilia Romagna, Toscana e Marche<\/strong> <\/em><\/p>\n<p><em>per l\u2019evento in lingua romena tanto atteso dai Testimoni di Geova, e non solo<\/em><\/p>\n<p>I Testimoni di Geova non smettono di fare \u2018ci\u00f2 che \u00e8 eccellente\u2019, agli occhi del loro Dio, ma anche a favore della comunit\u00e0. Il tanto atteso evento, che vedr\u00e0 radunati insieme romeni, italiani, moldavi, ucraini e persone di etnia rom, \u00e8 una dimostrazione che l\u2019unit\u00e0 e l\u2019armonia tra gli esseri umani \u00e8 davvero possibile, a dispetto delle differenze culturali e razziali.<\/p>\n<p>Il congresso avr\u00e0 luogo ad <strong>Imola, in via Giulio Pastore 1, domenica 5 novembre<\/strong>. Il programma, che sar\u00e0 interamente in lingua romena, sar\u00e0 suddiviso in due sessioni, <strong>dalle ore 9.30 alle ore 12.00 e dalle ore 13.10 alle ore 16.15<\/strong>.<\/p>\n<p>Vedi programma on-line:<\/p>\n<p>https:\/\/www.jw.org\/it\/pubblicazioni\/libri\/programma-assemblea-2018-co\/fare-cio-che-e-eccellente\/<\/p>\n<p><strong>Perch\u00e9 questo tema: \u201cNon smettiamo di fare ci\u00f2 che \u00e8 eccellente\u201d?<\/strong> Oggi non \u00e8 per niente facile, per chi ha il desiderio di farlo, vivere in armonia con i princ\u00ecpi contenuti nella Bibbia. Per tale motivo \u00e8 essenziale rafforzare la nostra determinazione a voler fare ci\u00f2 che Geova Dio ci chiede attraverso la Bibbia. Questo congresso ci aiuter\u00e0 in tal senso.<\/p>\n<p>Durante il programma ci saranno diversi momenti davvero significativi, tra cui il <strong>discorso del battesimo<\/strong>, alle ore 11.30, seguito dal battesimo in acqua per i nuovi che hanno deciso di divenire Testimoni di Geova. Atteso <strong>alle 13.30<\/strong> sar\u00e0 il <strong>discorso pubblico<\/strong> dal tema <strong><em>\u201cNon prendiamo in giro Dio \u2013 in che senso?\u201d<\/em>,<\/strong> pronunciato in lingua romena da Fabrizio Galassi, ministro di culto dei Testimoni di Geova.<\/p>\n<p>I Testimoni che da tempo professano la loro fede, i nuovi che si battezzeranno, ma anche i non testimoni che accetteranno l\u2019invito a partecipare, potranno trovare la risposta biblica a molte domande; tra queste sar\u00e0 davvero importante la domanda: \u201cVerso chi dovremmo operare ci\u00f2 che \u00e8 bene?\u201d. I presenti impareranno a operare \u2018ci\u00f2 che \u00e8 bene verso tutti\u2019, Testimoni e non, in armonia con la scrittura di Galati 6:10, spiegando loro cosa significa e in che modo far questo.<\/p>\n<p>I Testimoni di Geova sono conosciuti per l\u2019amore altruistico e per la prontezza ad aiutare il prossimo, ed anche questo congresso sar\u00e0 una dimostrazione di tale spirito.<\/p>\n<p>L\u2019entrata \u00e8 libera e non si fanno collette.<\/p>\n<p>Per maggiori informazioni:<\/p>\n<p><a href=\"https:\/\/www.jw.org\/it\/pubblicazioni\/libri\/volont%C3%A0-di-geova\/assemblee-testimoni-geova\/\">https:\/\/www.jw.org\/it\/pubblicazioni\/libri\/volont%C3%A0-di-geova\/assemblee-testimoni-geova\/<\/a><\/p>\n<p>&nbsp;<\/p>\n<p>&nbsp;<\/p>\n<p><strong>Contatti per i media:<\/strong><\/p>\n<p><em>Antonio Giannini<\/em>, tel 349.8781775, email: gianninistamparomena@gmail.com<\/p>\n<p><em>Paolo Fabris<\/em>, tel 347.2821589, email: paolo.fabris84@gmail.com<\/p>\n<p><em>Francesco Lanuto<\/em>, tel. 329.7957812, email: francesco.lanuto@gmail.com<\/p>\n<p>&nbsp;<\/p>\n<p>&nbsp;<\/p>\n","protected":false},"excerpt":{"rendered":"<p>Attesi a Imola 1400 partecipanti dal Veneto, Emilia Romagna, Toscana e Marche per l\u2019evento in lingua romena tanto atteso dai Testimoni di Geova, e non solo I Testimoni di Geova non smettono di fare \u2018ci\u00f2 che \u00e8 eccellente\u2019, agli occhi del loro Dio, ma anche a favore della comunit\u00e0. Il tanto atteso evento, che vedr\u00e0 [&hellip;]<\/p>\n","protected":false},"author":3451,"featured_media":0,"comment_status":"open","ping_status":"open","sticky":false,"template":"","format":"standard","meta":{"footnotes":""},"categories":[29],"tags":[],"class_list":["post-26013","post","type-post","status-publish","format-standard","hentry","category-comunicati"],"_links":{"self":[{"href":"https:\/\/www.area-press.eu\/comunicatistampa\/wp-json\/wp\/v2\/posts\/26013","targetHints":{"allow":["GET"]}}],"collection":[{"href":"https:\/\/www.area-press.eu\/comunicatistampa\/wp-json\/wp\/v2\/posts"}],"about":[{"href":"https:\/\/www.area-press.eu\/comunicatistampa\/wp-json\/wp\/v2\/types\/post"}],"author":[{"embeddable":true,"href":"https:\/\/www.area-press.eu\/comunicatistampa\/wp-json\/wp\/v2\/users\/3451"}],"replies":[{"embeddable":true,"href":"https:\/\/www.area-press.eu\/comunicatistampa\/wp-json\/wp\/v2\/comments?post=26013"}],"version-history":[{"count":1,"href":"https:\/\/www.area-press.eu\/comunicatistampa\/wp-json\/wp\/v2\/posts\/26013\/revisions"}],"predecessor-version":[{"id":26014,"href":"https:\/\/www.area-press.eu\/comunicatistampa\/wp-json\/wp\/v2\/posts\/26013\/revisions\/26014"}],"wp:attachment":[{"href":"https:\/\/www.area-press.eu\/comunicatistampa\/wp-json\/wp\/v2\/media?parent=26013"}],"wp:term":[{"taxonomy":"category","embeddable":true,"href":"https:\/\/www.area-press.eu\/comunicatistampa\/wp-json\/wp\/v2\/categories?post=26013"},{"taxonomy":"post_tag","embeddable":true,"href":"https:\/\/www.area-press.eu\/comunicatistampa\/wp-json\/wp\/v2\/tags?post=26013"}],"curies":[{"name":"wp","href":"https:\/\/api.w.org\/{rel}","templated":true}]}}