{"id":25981,"date":"2017-11-04T03:57:03","date_gmt":"2017-11-04T02:57:03","guid":{"rendered":"http:\/\/www.area-press.eu\/comunicatistampa\/?p=25981"},"modified":"2020-08-09T23:38:10","modified_gmt":"2020-08-09T21:38:10","slug":"matteo-rovatti-lestate-tornera-e-il-nuovo-singolo","status":"publish","type":"post","link":"https:\/\/www.area-press.eu\/comunicatistampa\/2017\/11\/04\/matteo-rovatti-lestate-tornera-e-il-nuovo-singolo\/","title":{"rendered":"Matteo Rovatti, &#8220;L&#8217;estate torner\u00e0&#8221; \u00e8 il nuovo singolo"},"content":{"rendered":"<h1 style=\"text-align: center\">MATTEO ROVATTI<\/h1>\n<h1 style=\"text-align: center\"><em>L&#8217;ESTATE TORNERA&#8217;<\/em><\/h1>\n<p class=\"p1\"><span class=\"s1\"><i>Un ritmo cavalcante che accompagna atmosfere in crescendo accoglie un testo raccontato che fa del nuovo pezzo del cantante emiliano, gi\u00e0 autore per i Nomadi, un crocevia di suoni ed emozioni incentrati sul concetto di speranza.<\/i><\/span><\/p>\n<blockquote>\n<p class=\"p3\"><span class=\"s1\"><i>Tutti noi sappiamo quanto a volte il vivere sia tormentato. Le paure e le incertezze sul futuro imminente ci lasciano spesso senza respiro; ma l\u2019estate torner\u00e0. Torner\u00e0 il tempo in cui tutto splender\u00e0 nuovamente. Torner\u00e0 l\u2019estate dell\u2019anima. <\/i><\/span><span class=\"s2\"><b>Matteo Rovatti<\/b><\/span><\/p>\n<\/blockquote>\n<p class=\"p3\"><span class=\"s1\">\u201cL\u2019estate Torner\u00e0\u201d \u00e8 un brano che rivela in musica il percorso emotivo di chi attraversa periodi bui ma continua a sognare rincorrendo l\u2019alba di un futuro migliore. <\/span><\/p>\n<p class=\"p3\"><span class=\"s1\">La padronanza della comunicazione testuale emersa dal brano conferma le capacit\u00e0 autorali dell\u2019artista gi\u00e0 firma per i Nomadi.<\/span><\/p>\n<p>&nbsp;<\/p>\n<p class=\"p7\" style=\"text-align: center\"><span class=\"s3\"><b>Guarda qui il video: <\/b><a href=\"https:\/\/youtu.be\/35-5dvgaf38\"><span class=\"s4\">https:\/\/youtu.be\/35-5dVGaF38<\/span><\/a><b> <\/b><\/span><\/p>\n<p>&nbsp;<\/p>\n<p class=\"p8\"><span class=\"s1\">Matteo Rovatti: Voce<\/span><\/p>\n<p class=\"p8\"><span class=\"s1\">Maurizio Mancini: Tastiere<\/span><\/p>\n<p class=\"p8\"><span class=\"s1\">Mixato e Masterizzato da Maurizio Mancini<\/span><\/p>\n<p class=\"p8\"><span class=\"s1\">Fotografie: Enrico Coppola<\/span><\/p>\n<p class=\"p8\"><span class=\"s1\">Artwork: Giuseppe Lo Presti<\/span><\/p>\n<p class=\"p8\"><span class=\"s1\">Radio date: 22 settembre 2017<\/span><\/p>\n<p class=\"p10\"><span class=\"s5\">\u2117<\/span><span class=\"s1\"><b> 2017 Indian<\/b><\/span><\/p>\n<p>&nbsp;<\/p>\n<h4 class=\"p12\"><span class=\"s1\"><b>BIO<\/b><\/span><\/h4>\n<p class=\"p13\"><span class=\"s1\"><b>Matteo Rovatti<\/b> nasce a Sassuolo il 17 Agosto 1972 ed \u00e8 autore e compositore di tutte le sue canzoni.<\/span><\/p>\n<p class=\"p13\"><span class=\"s1\">Nel Marzo del 2008 pubblica il suo CD \u201c<b>VEDERE<\/b>\u201d contenente cinque canzoni inedite.<\/span><\/p>\n<p class=\"p13\"><span class=\"s1\">Nel Luglio del 2008, con il suo singolo \u201c<b>VEDERE<\/b>\u201d, partecipa alla tappa di Carpi del concorso \u201c<b>FAMMI SENTIRE LA VOCE<\/b>\u201d organizzato da <b>Radio Bruno<\/b>, ed arriva in finale alla tappa di Formigine vincendo il <b>Premio Magazine<\/b>.<\/span><\/p>\n<p class=\"p13\"><span class=\"s1\">Nell\u2019Ottobre del 2009 partecipa al Teatro Carani di Sassuolo al concerto <b>Africa Aid<\/b> \u201c<b>WATER FOR CHILDREN<\/b>\u201d organizzato da <b>Africa Nel Cuore<\/b> e <b>Croce Rossa Italiana<\/b>. <\/span><\/p>\n<p class=\"p13\"><span class=\"s1\">Nel Giugno del 2012 apre il concerto dei \u201c<b>NOMADI<\/b>\u201d al Campo Sportivo di Castelvetro. <\/span><\/p>\n<p class=\"p13\"><span class=\"s1\">Nel Febbraio del 2015 apre il \u201c<b>XXIII\u00ba TRIBUTO AD AUGUSTO_NOMADiNCONTRO<\/b>\u201d al Teatro Tenda di Novellara.<\/span><\/p>\n<p class=\"p13\"><span class=\"s1\"><b>Matteo Rovatti<\/b> \u00e8 autore e compositore insieme a Giuseppe Carletti e Massimo Vecchi della canzone \u201c<b>TUTTO VERO<\/b>\u201d pubblicata nel nuovo disco di inediti dei Nomadi \u201c<b>LASCIA IL SEGNO<\/b>\u201d uscito il 19 Maggio 2015.<\/span><\/p>\n<p class=\"p13\"><span class=\"s1\">Nell\u2019Ottobre del 2015 esce il suo nuovo singolo \u201c<b>VA DI VIVERE<\/b>\u201d pubblicato dai \u201c<b>NOMADI<\/b>\u201d. <\/span><\/p>\n<p class=\"p13\"><span class=\"s1\">Nel Gennaio del 2016 annuncia il suo nuovo singolo \u201c<b>LONTANO<\/b>\u201d pubblicato dai \u201c<b>NOMADI<\/b>\u201d. <\/span><\/p>\n<p class=\"p13\"><span class=\"s1\">Nel Febbraio del 2016 apre il \u201c<b>XXIV\u00ba TRIBUTO AD AUGUSTO_NOMADiNCONTRO<\/b>\u201d al Pala Enel Energia di Novellara. <\/span><\/p>\n<p class=\"p13\"><span class=\"s1\">Nel Maggio del 2016 apre il \u201c<b>XXVIII\u00ba RADUNO NAZIONALE FAN NOMADI<\/b>\u201d al Teatro Tenda di Casalromano. <\/span><\/p>\n<p class=\"p13\"><span class=\"s1\">Nel Maggio del 2016 lancia il suo nuovo singolo \u201c<b>QUESTA VITA<\/b>\u201d pubblicato dai \u201c<b>NOMADI<\/b>\u201d. <\/span><\/p>\n<p class=\"p13\"><span class=\"s1\">Nel Giugno del 2016 apre il \u201c<b>COME POTETE GIUDICAR TOUR NOMADI<\/b>\u201d a Mestrino di Padova.<\/span><\/p>\n<p class=\"p13\"><span class=\"s1\">Nel Giugno del 2016 apre la prima tappa del \u201c<b>FESTIVAL SHOW<\/b>\u201d a Udine. <\/span><\/p>\n<p class=\"p13\"><span class=\"s1\">Nel Luglio del 2016 partecipa al concorso \u201c<b>SULLA VIA (EMILIA) PER WOODSTOCK<\/b>\u201d vincendo il <b>Premio Carlino D\u2019oro<\/b> messo in palio dal \u201c<b>RESTO DEL CARLINO<\/b>\u201d.<\/span><\/p>\n<p class=\"p13\"><span class=\"s1\">Nel Luglio del 2016 apre la terza tappa del \u201c<b>FESTIVAL SHOW<\/b>\u201d a Brescia.<\/span><\/p>\n<p class=\"p13\"><span class=\"s1\">Nell\u2019Agosto del 2016 apre la quinta tappa del \u201c<b>FESTIVAL SHOW<\/b>\u201d a Jesolo.<\/span><\/p>\n<p class=\"p13\"><span class=\"s1\">Nell\u2019Agosto del 2016 apre il \u201c<b>XXV\u00ba RADUNO NAZIONALE ESTIVO FAN NOMADI<\/b>\u201d in Piazza San Bartolomeo a Castagnole delle Lanze.<\/span><\/p>\n<p class=\"p13\"><span class=\"s1\">Nel Novembre del 2016 si esibisce al \u201c<b>MAPEI STADIUM DI REGGIO EMILIA<\/b>\u201d durante l\u2019intervallo della partita di Serie A TIM <b>SASSUOLO-ATALANTA<\/b>.<\/span><\/p>\n<p>&nbsp;<\/p>\n<p class=\"p16\" style=\"text-align: center\"><span class=\"s6\"><b>Contatti e social<\/b><\/span><\/p>\n<p class=\"p17\" style=\"text-align: center\"><span class=\"s3\"><b>Facebook <\/b><a href=\"http:\/\/www.facebook.com\/matteorovatti\"><span class=\"s7\"><b>www.facebook.com\/matteorovatti<\/b><\/span><\/a><\/span><\/p>\n<p class=\"p17\" style=\"text-align: center\"><span class=\"s3\"><b>Youtube<\/b><\/span><span class=\"s8\"><b> <\/b><a href=\"http:\/\/www.youtube.com\/matteorovatti\"><span class=\"s9\"><b>www.youtube.com\/matteorovatti<\/b><\/span><\/a><\/span><\/p>\n","protected":false},"excerpt":{"rendered":"<p>MATTEO ROVATTI L&#8217;ESTATE TORNERA&#8217; Un ritmo cavalcante che accompagna atmosfere in crescendo accoglie un testo raccontato che fa del nuovo pezzo del cantante emiliano, gi\u00e0 autore per i Nomadi, un crocevia di suoni ed emozioni incentrati sul concetto di speranza. Tutti noi sappiamo quanto a volte il vivere sia tormentato. Le paure e le incertezze [&hellip;]<\/p>\n","protected":false},"author":4383,"featured_media":0,"comment_status":"open","ping_status":"open","sticky":false,"template":"","format":"standard","meta":{"footnotes":""},"categories":[3,29,12],"tags":[16452,16451,2990,721,4245],"class_list":["post-25981","post","type-post","status-publish","format-standard","hentry","category-arte-e-cultura","category-comunicati","category-musica","tag-lestate-tornera","tag-matteo-rovatti","tag-music","tag-musica","tag-musica-italiana"],"_links":{"self":[{"href":"https:\/\/www.area-press.eu\/comunicatistampa\/wp-json\/wp\/v2\/posts\/25981","targetHints":{"allow":["GET"]}}],"collection":[{"href":"https:\/\/www.area-press.eu\/comunicatistampa\/wp-json\/wp\/v2\/posts"}],"about":[{"href":"https:\/\/www.area-press.eu\/comunicatistampa\/wp-json\/wp\/v2\/types\/post"}],"author":[{"embeddable":true,"href":"https:\/\/www.area-press.eu\/comunicatistampa\/wp-json\/wp\/v2\/users\/4383"}],"replies":[{"embeddable":true,"href":"https:\/\/www.area-press.eu\/comunicatistampa\/wp-json\/wp\/v2\/comments?post=25981"}],"version-history":[{"count":1,"href":"https:\/\/www.area-press.eu\/comunicatistampa\/wp-json\/wp\/v2\/posts\/25981\/revisions"}],"predecessor-version":[{"id":25983,"href":"https:\/\/www.area-press.eu\/comunicatistampa\/wp-json\/wp\/v2\/posts\/25981\/revisions\/25983"}],"wp:attachment":[{"href":"https:\/\/www.area-press.eu\/comunicatistampa\/wp-json\/wp\/v2\/media?parent=25981"}],"wp:term":[{"taxonomy":"category","embeddable":true,"href":"https:\/\/www.area-press.eu\/comunicatistampa\/wp-json\/wp\/v2\/categories?post=25981"},{"taxonomy":"post_tag","embeddable":true,"href":"https:\/\/www.area-press.eu\/comunicatistampa\/wp-json\/wp\/v2\/tags?post=25981"}],"curies":[{"name":"wp","href":"https:\/\/api.w.org\/{rel}","templated":true}]}}