{"id":25971,"date":"2017-11-04T03:57:02","date_gmt":"2017-11-04T02:57:02","guid":{"rendered":"http:\/\/www.area-press.eu\/comunicatistampa\/?p=25971"},"modified":"2020-08-09T23:38:12","modified_gmt":"2020-08-09T21:38:12","slug":"diego-conti-non-finira-e-il-suo-nuovo-singolo","status":"publish","type":"post","link":"https:\/\/www.area-press.eu\/comunicatistampa\/2017\/11\/04\/diego-conti-non-finira-e-il-suo-nuovo-singolo\/","title":{"rendered":"Diego Conti, &#8220;Non finir\u00e0&#8221; \u00e8 il suo nuovo singolo"},"content":{"rendered":"<h1 style=\"text-align: center\">DIEGO CONTI<\/h1>\n<h1 style=\"text-align: center\"><em>NON FINIRA&#8217;<\/em><\/h1>\n<h3 class=\"p1\" style=\"text-align: center\"><span class=\"s1\">Dopo le fortunate partecipazioni ad X-Factor X, Festival Show e la collaborazione con Clementino, il giovane cantautore propone un brano dalle sonorit\u00e0 pop-rock nato durante una magica notte romana.<\/span><\/h3>\n<p>&nbsp;<\/p>\n<blockquote>\n<p class=\"p3\"><span class=\"s1\"><i>\u00ab&#8221;Non finir\u00e0&#8221; \u00e8 non dormire mai, vivere la vita fino alle stelle e godere di ogni istante, \u00e8 il viaggio di una notte magica a Roma dove la bellezza delle cose semplici ha superato tutto\u00bb. <\/i><\/span><span class=\"s2\"><b>Diego Conti<\/b><\/span><\/p>\n<p>&nbsp;<\/p><\/blockquote>\n<p class=\"p6\"><span class=\"s1\"><b>Foto cover: Glamour studio<\/b><\/span><\/p>\n<p class=\"p6\"><span class=\"s1\"><b>Grafica: Andrea Conti<\/b><\/span><\/p>\n<p>&nbsp;<\/p>\n<p class=\"p7\"><span class=\"s1\">Diego Conti \u00e8 un cantautore classe \u201895 che nelle sue canzoni fonde l\u2019amore per il rock anglosassone con quello per la musica italiana. Reduce dalla decima edizione di X Factor \u00e8 ora impegnato con la produzione del suo primo album di inediti con la Rusty Records. Dopo \u201cL\u2019impegno\u201d, il secondo singolo estratto \u00e8 \u201cNon finir\u00e0\u201d.<\/span><\/p>\n<p class=\"p9\"><span class=\"s1\"><b>Radio date: 6 ottobre 2017<\/b><\/span><\/p>\n<p class=\"p9\"><span class=\"s1\"><b>Etichetta: Rusty Records<\/b><\/span><\/p>\n<p>&nbsp;<\/p>\n<h4 class=\"p10\"><span class=\"s1\"><b>BIO<\/b><\/span><\/h4>\n<p class=\"p10\"><span class=\"s1\">Diego Conti \u00e8 un <b>cantautore e musicista italiano<\/b> nato a <b>Frosinone il 25 giugno 1995<\/b>. Partecipa a numerosi festival italiani tra cui il <b>Tour Music Fest ed il Festival Show<\/b>, nei quali \u00e8 finalista, e riceve presso il Campidoglio un riconoscimento grazie <b>al Festival \u201cUn bosco per Kyoto\u201d<\/b> istituito dall\u2019Accademia Kronos (Onlus). Ospite alla prima tappa del Festival Show a Castelfranco Veneto in Piazza Giorgione, condivide il palco con tanti big della musica italiana, tra cui Al Bano, presentando &#8220;L&#8217;impegno&#8221; alle 20.000 persone accorse per lo spettacolo. Apre una data del <b>\u201cDentro e fuori live tour\u201d di Tormento<\/b>. L\u2019incontro con <b>Dj Shablo e Giovanni Valle<\/b> fa nascere una collaborazione. Diego registra le chitarre di &#8220;Quando sono lontano&#8221; e \u201cRagazzi fuori\u201d di <b>Clementino<\/b>, brani in gara rispettivamente alla 66esima e 67esima edizione del <b>Festival di Sanremo<\/b>. Nell\u2019album \u201cVulcano\u201d, del rapper partenopeo, \u00e8 inoltre uno dei compositori nonch\u00e9 chitarrista della musica di \u201cDeserto\u201d. Nell\u2019anno 2014 insieme a <b>Maurizio Rugginenti<\/b> inizia un nuovo progetto all\u2019interno dell\u2019etichetta discografica Rusty Records. Partecipa alla decima edizione di <b>X Factor<\/b> nella categoria Under Uomini capitanata da <b>Arisa<\/b>, terminato il percorso all\u2019interno del programma \u00e8 ospite di <b>Fiorello a Edicola Fiore<\/b> e qualche mese dopo pubblica la sua prima canzone \u201cL\u2019impegno\u201d. Il 29 settembre 2017 esce un nuovo singolo \u201cNon finir\u00e0\u201d.Attualmente sta lavorando con <b>Davide Maggioni<\/b> alla realizzazione del suo primo album con l\u2019etichetta Rusty Records.<b> <\/b><\/span><\/p>\n<p class=\"p10\"><span class=\"s1\"><b>Premi e partecipazioni: <\/b><\/span><\/p>\n<p class=\"p10\"><span class=\"s1\">&#8211; Nel 2016 partecipa alla decima edizione di <b>X Factor <\/b>nella <b>categoria Under Uomini capitanata da Arisa.<\/b><\/span><\/p>\n<p class=\"p10\"><span class=\"s1\">&#8211; Collabora come <b>compositore e chitarrista <\/b>all\u2019ultimo <b>disco del rapper Clementino<\/b>.<\/span><\/p>\n<p class=\"p10\"><span class=\"s1\">&#8211; Il 27 Giugno 2015 partecipa come ospite alla prima tappa del <b>FESTIVAL SHOW <\/b>a Castelfranco Veneto in Piazza Giorgione. Condivide il palco con tanti Big della musica italiana tra cui Al Bano, Zero Assoluto, Moreno, presentando &#8220;L&#8217;impegno&#8221; alle 20.000 persone accorse per lo Show. <\/span><\/p>\n<p class=\"p10\"><span class=\"s1\">&#8211; Registra per <b>Universal Music<\/b>, sotto la direzione artistica di <b>Dj Shablo<\/b>, le chitarre di &#8220;Quando sono lontano&#8221; di<b> Clementino<\/b>, brano in gara alla 66esima edizione del <b>Festival di Sanremo.<\/b><\/span><\/p>\n<p class=\"p10\"><span class=\"s1\">&#8211; Nell\u2019estate del 2015 apre il concerto del \u201cDentro e fuori live tour\u201d dello storico <b>rapper Tormento<\/b> e Dj Shablo a Patrica (FR).<\/span><\/p>\n<p class=\"p10\"><span class=\"s1\">&#8211; Nell\u2019estate del 2015 \u00e8 ospite nel primo Live ufficiale di presentazione dell\u2019EP della <b>Finalista di<\/b> <b>The voice of Italy<\/b> <b>Carola Campagna<\/b>, Team J-AX, e apre il Live milanese della cantautrice Chiara Dello Iacovo, Team Facchinetti. Nello stesso anno \u00e8 pi\u00f9 volte ospite nei concerti di Andrea Maestrelli.<\/span><\/p>\n<p class=\"p10\"><span class=\"s1\">&#8211; FINALISTA alle selezioni del <b>FESTIVAL SHOW 2015<\/b>. Vince la tappa di selezione dei Casting di Vittuone e approda in finale.<\/span><\/p>\n<p class=\"p10\"><span class=\"s1\">&#8211; FINALISTA alle selezioni del <b>FESTIVAL SHOW 2014<\/b>.<\/span><\/p>\n<p class=\"p10\"><span class=\"s1\">&#8211; Segue uno <b>stage formativo presso il C.E.T di Mogol con Francesco Gazz\u00e8.<\/b><\/span><\/p>\n<p class=\"p10\"><span class=\"s1\">&#8211; Nell\u2019aprile del 2013 conosce il <b>produttore Davide Maggioni <\/b>con il quale inizia la sua crescita artistica.<\/span><\/p>\n<p class=\"p10\"><span class=\"s1\">&#8211; Finalista <b>TOUR MUSIC FEST 2011<\/b>. Il festival internazionale pi\u00f9 importante per la musica emergente.<\/span><\/p>\n<p>&nbsp;<\/p>\n<p class=\"p12\" style=\"text-align: center\"><span class=\"s3\"><b>Contatti e social<\/b><\/span><\/p>\n<p class=\"p13\" style=\"text-align: center\"><span class=\"s4\"><b>Fb<\/b><\/span><span class=\"s5\"><b> <\/b><a href=\"http:\/\/www.facebook.com\/diegocontiofficial\/?fref=ts\"><span class=\"s6\"><b>www.facebook.com\/DiegoContiOfficial\/?fref=ts<\/b><\/span><\/a><\/span><\/p>\n<p class=\"p13\" style=\"text-align: center\"><span class=\"s4\"><b>Instagram:<span class=\"Apple-converted-space\">\u00a0 <\/span><\/b><a href=\"http:\/\/www.instagram.com\/diegoconti_\/?hl=it\"><span class=\"s6\"><b>www.instagram.com\/diegoconti_\/?hl=it<\/b><\/span><\/a><b> <\/b><\/span><\/p>\n<p class=\"p14\" style=\"text-align: center\"><span class=\"s1\"><b><span class=\"Apple-converted-space\">\u00a0 <\/span>Twitter:<span class=\"Apple-converted-space\">\u00a0 <\/span>https:\/\/twitter.com\/diego__conti<\/b><\/span><\/p>\n<p class=\"p13\" style=\"text-align: center\"><span class=\"s4\"><b>Fb Rusty Records<\/b><\/span><span class=\"s5\"><b> <\/b><a href=\"https:\/\/www.facebook.com\/rustyrecordsitaly\/\"><span class=\"s6\"><b>https:\/\/www.facebook.com\/RustyRecordsItaly\/<\/b><\/span><\/a><\/span><\/p>\n<p class=\"p14\" style=\"text-align: center\"><span class=\"s1\"><b>Etichetta Rusty Records: <\/b><span class=\"s7\"><b>artisti@rustyrecords.net<\/b><\/span><\/span><\/p>\n","protected":false},"excerpt":{"rendered":"<p>DIEGO CONTI NON FINIRA&#8217; Dopo le fortunate partecipazioni ad X-Factor X, Festival Show e la collaborazione con Clementino, il giovane cantautore propone un brano dalle sonorit\u00e0 pop-rock nato durante una magica notte romana. &nbsp; \u00ab&#8221;Non finir\u00e0&#8221; \u00e8 non dormire mai, vivere la vita fino alle stelle e godere di ogni istante, \u00e8 il viaggio di [&hellip;]<\/p>\n","protected":false},"author":4383,"featured_media":0,"comment_status":"open","ping_status":"open","sticky":false,"template":"","format":"standard","meta":{"footnotes":""},"categories":[3,29,12],"tags":[16442,2990,721,9776,4245,16443,690,2365,16444],"class_list":["post-25971","post","type-post","status-publish","format-standard","hentry","category-arte-e-cultura","category-comunicati","category-musica","tag-diego-conti","tag-music","tag-musica","tag-musica-emergente","tag-musica-italiana","tag-non-finira","tag-nuovo-singolo","tag-singolo","tag-x-factor"],"_links":{"self":[{"href":"https:\/\/www.area-press.eu\/comunicatistampa\/wp-json\/wp\/v2\/posts\/25971","targetHints":{"allow":["GET"]}}],"collection":[{"href":"https:\/\/www.area-press.eu\/comunicatistampa\/wp-json\/wp\/v2\/posts"}],"about":[{"href":"https:\/\/www.area-press.eu\/comunicatistampa\/wp-json\/wp\/v2\/types\/post"}],"author":[{"embeddable":true,"href":"https:\/\/www.area-press.eu\/comunicatistampa\/wp-json\/wp\/v2\/users\/4383"}],"replies":[{"embeddable":true,"href":"https:\/\/www.area-press.eu\/comunicatistampa\/wp-json\/wp\/v2\/comments?post=25971"}],"version-history":[{"count":1,"href":"https:\/\/www.area-press.eu\/comunicatistampa\/wp-json\/wp\/v2\/posts\/25971\/revisions"}],"predecessor-version":[{"id":25972,"href":"https:\/\/www.area-press.eu\/comunicatistampa\/wp-json\/wp\/v2\/posts\/25971\/revisions\/25972"}],"wp:attachment":[{"href":"https:\/\/www.area-press.eu\/comunicatistampa\/wp-json\/wp\/v2\/media?parent=25971"}],"wp:term":[{"taxonomy":"category","embeddable":true,"href":"https:\/\/www.area-press.eu\/comunicatistampa\/wp-json\/wp\/v2\/categories?post=25971"},{"taxonomy":"post_tag","embeddable":true,"href":"https:\/\/www.area-press.eu\/comunicatistampa\/wp-json\/wp\/v2\/tags?post=25971"}],"curies":[{"name":"wp","href":"https:\/\/api.w.org\/{rel}","templated":true}]}}