{"id":25961,"date":"2017-11-04T03:57:01","date_gmt":"2017-11-04T02:57:01","guid":{"rendered":"http:\/\/www.area-press.eu\/comunicatistampa\/?p=25961"},"modified":"2017-11-04T03:57:01","modified_gmt":"2017-11-04T02:57:01","slug":"vallanzaska-lorso-giallo-e-il-nuovo-album-della-ska-band","status":"publish","type":"post","link":"https:\/\/www.area-press.eu\/comunicatistampa\/2017\/11\/04\/vallanzaska-lorso-giallo-e-il-nuovo-album-della-ska-band\/","title":{"rendered":"Vallanzaska, &#8220;L&#8217;orso giallo&#8221; \u00e8 il nuovo album della ska-band"},"content":{"rendered":"<h1 style=\"text-align: center\">VALLANZASKA<\/h1>\n<h1 style=\"text-align: center\"><em>L&#8217;ORSO GIALLO<\/em><\/h1>\n<h3 class=\"p1\" style=\"text-align: center\"><span class=\"s1\"><b><i>Il ritmo in levare si mescola a sonorit\u00e0 pop rock e l\u2019ironia si intreccia a una scrittura pulita, per un cambio di sound che traccia il nuovo<span class=\"Apple-converted-space\">\u00a0 <\/span>percorso della band milanese.<\/i><\/b><\/span><\/h3>\n<p class=\"p2\"><span class=\"s1\">Con <b>\u201cOrso giallo<\/b>\u201d i Vallanzaska affrontano il tema dell&#8217;<b>ansia<\/b>, uno dei motori del mondo contemporaneo.<span class=\"Apple-converted-space\">\u00a0 <\/span>Freschi dei festeggiamenti per i <b>25 anni di attivit\u00e0<\/b>, la band milanese ha dato vita a un progetto discografico che non \u00e8 una facile \u201cminestra riSKAldata\u201d. La Dava, Lucius, Skandi, Spekkio e Vanny, con la tromba di<span class=\"Apple-converted-space\">\u00a0 <\/span>Francesco Piras e la batteria di Davide Bini, sono tornati in studio per mettere su disco un percorso nato e cresciuto durante i live, con brani che rimettono in discussione il sound, gli arrangiamenti, lo stile, la scrittura delle canzoni, scegliendo anche un\u2019insolita copertina firmata dal cantante Davide Romagnoni.<\/span><\/p>\n<p class=\"p1\"><span class=\"s1\">Pubblicazione album \u201cOrso giallo\u201d:<b> 29 settembre 2017<\/b><\/span><\/p>\n<p class=\"p1\"><span class=\"s1\">Etichetta discografica: <b>Maninalto! Records<\/b><\/span><\/p>\n<p>&nbsp;<\/p>\n<p class=\"p1\"><span class=\"s1\"><b>TRACK BY TRACK<\/b><\/span><\/p>\n<p class=\"p1\"><span class=\"s1\"><b>\u201cAssessore\u201d <\/b>&#8211; il malcostume quando \u00e8 stile di vita di piccoli potenti, in Italia \u00e8 motivo\u00a0di vanto e non di vergogna. Ed \u00e8 facile perdere il contatto con la realt\u00e0.\u00a0L&#8217;Assessore che abbiamo raccontato,\u00a0un concentrato di ignoranza, insito\u00a0razzismo\u00a0e arroganza, dichiara candidamente come sia difficile arrivare a fine mese con soli 30 mila mensili. Cercando consenso.<\/span><span class=\"s2\"><br \/>\n<\/span><\/p>\n<p class=\"p1\"><span class=\"s1\"><b>\u201cBalla\u201d <\/b>&#8211; una canzone nata per festeggiare i\u00a025 anni dei Vallanzaska, si \u00e8 trasformata in una istantanea\u00a0sul mondo dei concerti, sulla longevit\u00e0 delle bands e sulle t-shirts che vedi dal palco quando suoni. Tanti elementi diversi\u00a0e pensieri che forse non interessano troppo al pubblico, per cui\u00a0fai ci\u00f2 per cui sei venuto: balla.<\/span><\/p>\n<p class=\"p1\"><span class=\"s1\"><b>\u201cEasy\u201d <\/b>&#8211; il proclama\/spot\u00a0di un terrorista. La canzone si chiamerebbe &#8220;Isis&#8221;, ma abbiamo voluto farne una versione pi\u00f9 tranquilla, pi\u00f9 easy. Speriamo quindi\u00a0di non fare incazzare nessuno. E&#8217; solo\u00a0una canzone sul terrorismo.<\/span><\/p>\n<p class=\"p1\"><span class=\"s1\"><b>\u201cLadri di cani\u201d <\/b>&#8211; un mondo e uno stile di vita troppo occidentale, basato su consumi massicci ma di scarsa qualit\u00e0\u00a0fa andare l&#8217;individuo in corto circuito.\u00a0Un po&#8217; come quando si ripete tante volte una parola e questa comincia a suonarci strana fino quasi ad entrarci dentro.\u00a0Quando l&#8217;individuo\u00a0si riaccende dopo il corto, ancora senza memoria e non assuefatto da ci\u00f2 che lo circonda,\u00a0le\u00a0immagini del suo mondo\u00a0gli passano davanti come se le vedesse e vivesse per la prima volta.\u00a0<\/span><\/p>\n<p class=\"p1\"><span class=\"s1\"><b>\u201cDUBai\u201d <\/b>&#8211; dopo il carcere e\u00a0appena rilasciato nel mezzo del deserto in piena\u00a0notte,\u00a0Davide\u00a0(cantante) si \u00e8 diretto a piedi verso le luci di una citt\u00e0. Da quell&#8217;esperienza traumatica ne esce una\u00a0canzone dai toni dub.\u00a0Qui\u00a0Sharm el Sheik\u00a0diventa Dubai in un viaggio\u00a0onirico dove biciclette d&#8217;oro circolano\u00a0sulle autostrade.<\/span><span class=\"s2\"><br \/>\n<\/span><\/p>\n<p class=\"p1\"><span class=\"s1\"><b>\u201cSpecial\u201d <\/b>&#8211; gli &#8220;Specials&#8221;, band di punta della 2 Tone, sono un totem per i Vallanzaska. La band di Terry Hall \u00e8 qui omaggiata con un brano che \u00e8 un mix stilistico\u00a0di alcune delle canzoni degli Specials\u00a0pi\u00f9 dirompenti, urbane e&#8230; speciali.\u00a0<\/span><span class=\"s2\"><br \/>\n<\/span><\/p>\n<p class=\"p1\"><span class=\"s1\"><b>\u201cButterfly\u201d <\/b>&#8211; una canzone d&#8217;amore puro, quell&#8217;amore che ti accende la\u00a0vita e che sai non sar\u00e0 eterno.<\/span><\/p>\n<p class=\"p1\"><span class=\"s1\"><b>\u201cQuando \u00e8 gatta\u201d <\/b>&#8211;\u00a0Canzone che parla dell\u2019erba in tutte le sue forme. Partendo dai luoghi comuni sulla botanica, i Vallanzaska cercano di affrontare il tema del giardinaggio e della legalizzazione in maniera leggera, diversa ed ironica. Musicalmente unisce lo ska a sonorit\u00e0 decisamente pi\u00f9 Pop-Rock e il ritornello \u00e8 il classico tormentone tipico dei Vallanza.\u00a0\u201c<i>Quando \u00e8 Gatta<\/i>\u201d \u00e8 una canzone a Kilometro-0, Vegan Friendly and Cruelty Free!!<\/span><\/p>\n<p class=\"p1\"><span class=\"s1\"><b>\u201cSoia\u201d <\/b>&#8211; Vestito di tutto punto per un colloquio di lavoro, attento a dove va in pausa pranzo, una piccola macchia di soia manda completamente fuori di testa il protagonista della canzone. Sragiona vagando per la citt\u00e0 indifferente alla sua tragedia personale dalle mille implicazioni,\u00a0fino a quando compare il simbolo e il titolo del disco, \u201cOrso giallo\u201d.\u00a0<\/span><\/p>\n<p class=\"p1\"><span class=\"s2\"><br \/>\n<\/span><span class=\"s1\"><b>\u201cIo non c\u2019entro\u201d <\/b>&#8211; dissociarsi \u00e8 colpevole o innocente? E&#8217; ancora tecnicamente possibile concentrarsi su s\u00e9 stessi, per qualche minuto? Canzone egoista e pacifista, balneare e spirituale, una canzone ipocrita.\u00a0\u00a0\u00a0\u00a0<\/span><span class=\"s2\"><br \/>\n<\/span><\/p>\n<p class=\"p1\"><span class=\"s1\"><b>\u201cNon pogo pi\u00f9\u201d <\/b>&#8211; Il pogo come metafora della vita.\u00a0Poi si cresce, si va al lavoro tradizionale, si cambia vita; quelli erano vecchi tempi, la famiglia chiama. E\u00a0da ex pogatore ora represso, cominci a odiare\u00a0i musicisti e il pogo. Poi per\u00f2 ci ripensi, magari in mezzo ad un vagone di una metropolitana di ritorno da una stressante giornata di lavoro. Ci ripensi e capisci che non pogare pi\u00f9 \u00e8 una cazzata.\u00a0<\/span><span class=\"s2\"><br \/>\n<\/span><\/p>\n<p class=\"p1\"><span class=\"s1\"><b>\u201cSei qui\u201d <\/b>&#8211; A tutti succede di perdere qualcuno per strada, e anche a noi \u00e8 mancato all&#8217;improvviso Angelo, nostro fonico per tanti anni. Cos\u00ec, come torna a trovarci nei pensieri e nei ricordi, torna anche in questa canzone che lo vuole qui con noi.<\/span><\/p>\n<p class=\"p1\"><span class=\"s1\"><b>\u201cRagazzo distratto\u201d <\/b>&#8211; La seduzione si basa anche sul saper sfruttare i propri difetti,\u00a0spesso ridendoci sopra.<\/span><\/p>\n<p class=\"p1\"><span class=\"s1\">\u201cEh? Dicevi?\u201d<\/span><span class=\"s2\"><br \/>\n<\/span><\/p>\n<p class=\"p1\"><span class=\"s1\"><b>\u201cDonald Trump\u201d <\/b>&#8211; una canzone di fantapolitica. La Storia ci ha riservato un futuro incredibile dove tutto quello che \u00e8 successo prima del 2017 non conta pi\u00f9 niente,\u00a0perch\u00e8\u00a0il 2017 \u00e8 l&#8217;anno dell\u2019elezione di Donald Trump alla Casa Bianca. E tra migliaia di anni sar\u00e0 ricordato come il vero\u00a0\u201cInizio Dei Tempi\u201d.<\/span><\/p>\n<p class=\"p7\"><span class=\"s1\"><b>BIO<\/b><\/span><\/p>\n<p class=\"p1\"><span class=\"s1\">I <b>Vallanzaska<\/b> sono un gruppo storico italiano, pionieri della musica ska punk e attualmente una delle ska band pi\u00f9 famose d\u2019Italia. Attivi dal 1991, hanno pubblicato 10 album in studio e varie hit di successo come \u201c<b>Cheope<\/b>\u201d, \u201c<b>Reggaemilia<\/b>\u201d, \u201c<b>Boys from Comasina<\/b>\u201d, \u201c<b>SisisiNonono<\/b>\u201d, \u201c<b>Spaghetti ska\u201d<\/b> e \u201c<b>Generazione di fenomeni<\/b>\u201d, tutti brani ballatissimi nelle discoteche rock e utilizzati per sigle tv e colonne sonore. &#8220;<b>L&#8217;orso giallo<\/b>&#8221; \u00e8 il titolo del nuovo album, in uscita per Maninalto! Records da cui \u00e8 stato estratto \u201c<b>Quando \u00e8 gatta<\/b>\u201d il primo singolo uscito lo scorso maggio<\/span><\/p>\n<p class=\"p1\"><span class=\"s1\">I Vallazaska sono: Davide Romagnoni (Dava) voce, Lucio Contini (Lucius) chitarra, Christian Perrotta (Skandi) tastiera, Luca Specchio (Spekkio) sassofono, Andrea Vagnoni (Vanny) basso, Francesco Piras tromba, Davide Bini batteria.<\/span><\/p>\n<p>&nbsp;<\/p>\n<p class=\"p8\" style=\"text-align: center\"><span class=\"s3\"><b>Contatti e social<\/b><\/span><\/p>\n<p class=\"p8\" style=\"text-align: center\"><span class=\"s1\"><b>Facebook <\/b>: www.facebook.com\/Vallanzaska<\/span><\/p>\n<p class=\"p8\" style=\"text-align: center\"><span class=\"s1\"><b>Youtube:<\/b> Youtube.com\/maninalto!<\/span><\/p>\n<p class=\"p8\" style=\"text-align: center\"><span class=\"s1\">youtube.com\/Vallanzaska<\/span><\/p>\n","protected":false},"excerpt":{"rendered":"<p>VALLANZASKA L&#8217;ORSO GIALLO Il ritmo in levare si mescola a sonorit\u00e0 pop rock e l\u2019ironia si intreccia a una scrittura pulita, per un cambio di sound che traccia il nuovo\u00a0 percorso della band milanese. Con \u201cOrso giallo\u201d i Vallanzaska affrontano il tema dell&#8217;ansia, uno dei motori del mondo contemporaneo.\u00a0 Freschi dei festeggiamenti per i 25 [&hellip;]<\/p>\n","protected":false},"author":4383,"featured_media":0,"comment_status":"open","ping_status":"open","sticky":false,"template":"","format":"standard","meta":{"footnotes":""},"categories":[3,29,12],"tags":[16428,2990,721,4245,5038,2171,16429,16430,13873],"class_list":["post-25961","post","type-post","status-publish","format-standard","hentry","category-arte-e-cultura","category-comunicati","category-musica","tag-lorso-giallo","tag-music","tag-musica","tag-musica-italiana","tag-pop","tag-rock","tag-ska","tag-ska-band","tag-vallanzaska"],"_links":{"self":[{"href":"https:\/\/www.area-press.eu\/comunicatistampa\/wp-json\/wp\/v2\/posts\/25961","targetHints":{"allow":["GET"]}}],"collection":[{"href":"https:\/\/www.area-press.eu\/comunicatistampa\/wp-json\/wp\/v2\/posts"}],"about":[{"href":"https:\/\/www.area-press.eu\/comunicatistampa\/wp-json\/wp\/v2\/types\/post"}],"author":[{"embeddable":true,"href":"https:\/\/www.area-press.eu\/comunicatistampa\/wp-json\/wp\/v2\/users\/4383"}],"replies":[{"embeddable":true,"href":"https:\/\/www.area-press.eu\/comunicatistampa\/wp-json\/wp\/v2\/comments?post=25961"}],"version-history":[{"count":1,"href":"https:\/\/www.area-press.eu\/comunicatistampa\/wp-json\/wp\/v2\/posts\/25961\/revisions"}],"predecessor-version":[{"id":25962,"href":"https:\/\/www.area-press.eu\/comunicatistampa\/wp-json\/wp\/v2\/posts\/25961\/revisions\/25962"}],"wp:attachment":[{"href":"https:\/\/www.area-press.eu\/comunicatistampa\/wp-json\/wp\/v2\/media?parent=25961"}],"wp:term":[{"taxonomy":"category","embeddable":true,"href":"https:\/\/www.area-press.eu\/comunicatistampa\/wp-json\/wp\/v2\/categories?post=25961"},{"taxonomy":"post_tag","embeddable":true,"href":"https:\/\/www.area-press.eu\/comunicatistampa\/wp-json\/wp\/v2\/tags?post=25961"}],"curies":[{"name":"wp","href":"https:\/\/api.w.org\/{rel}","templated":true}]}}