{"id":25839,"date":"2017-10-26T18:48:36","date_gmt":"2017-10-26T16:48:36","guid":{"rendered":"http:\/\/www.area-press.eu\/comunicatistampa\/?p=25839"},"modified":"2017-10-26T18:48:36","modified_gmt":"2017-10-26T16:48:36","slug":"halloween-e-ponte-di-ognissanti-in-arrivo-al-perla-una-ventata-di-musica-e-magia","status":"publish","type":"post","link":"https:\/\/www.area-press.eu\/comunicatistampa\/2017\/10\/26\/halloween-e-ponte-di-ognissanti-in-arrivo-al-perla-una-ventata-di-musica-e-magia\/","title":{"rendered":"Halloween e ponte di Ognissanti: in arrivo al Perla una ventata di musica e magia"},"content":{"rendered":"<p>Nova Gorica, 26 ottobre 2017 &#8211; Dal fascino magnetico dell\u2019illusionismo al ritmo irresistibile della salsa: <strong>al Perla Casin\u00f2 &amp; Hotel sta per iniziare una delle settimane pi\u00f9 divertenti dell\u2019anno<\/strong>. Il programma degli eventi speciali comincia marted\u00ec con la notte di Halloween per proseguire fino a domenica 5 novembre, approfittando delle festivit\u00e0 legate al <strong>ponte di Ognissanti<\/strong>.<\/p>\n<p>Primo appuntamento con <strong>Abrakadabra, spettacolo di magia<\/strong> che nella notte di Halloween e nella serata del 1\u00b0 novembre trasporter\u00e0 gli spettatori in un mondo irreale, popolato di figure e personaggi incantati: un\u2019atmosfera fantastica, dove l\u2019impossibile diventa possibile e la realt\u00e0 bacia la fantasia. Un cocktail di illusioni ottiche, luci, suoni e oggetti incredibili, pronti a lasciare a \u201cbocca aperta\u201d anche i pi\u00f9 scettici. Del resto, si sa che ad Halloween tutto pu\u00f2 succedere!<\/p>\n<p>Archiviate le suggestioni di Halloween, largo all\u2019allegria tutta da ballare del <strong>Cuban Salsa Festival<\/strong>, una rassegna di eventi dedicati al grande ritmo della musica latinoamericana: ad inaugurare la kermesse gioved\u00ec 2 novembre sar\u00e0 il concerto di <strong>Maykel Blanco Y Su Salsa Mayor<\/strong>, vero e proprio idolo all\u2019Havana nonch\u00e9 uno dei \u201csalseros\u201d pi\u00f9 famosi del mondo, attualmente in tour in tutta Europa. Dopo essersi esibito, tra gli altri, sui palchi di Milano, Parigi, Barcellona e Londra, Maykel Blanco e il suo gruppo Salsa Mayor porteranno il loro ritmo irresistibile all\u2019Arena del Perla, pronta a lasciarsi coinvolgere in una vera e propria \u201cfiesta latina\u201d che continuer\u00e0 per tutta la notte, con l\u2019after party in discoteca. Il programma di eventi a ritmo di salsa continuer\u00e0 venerd\u00ec 3 e sabato 4 novembre, con lo <strong>spettacolo di ballo \u201cSalsa Show\u201d<\/strong> alle 22:30, seguito dagli after party a tema in discoteca.<\/p>\n<p>Che sia per una serata o per l\u2019intera durata del ponte, gli ospiti del Perla Casin\u00f2 &amp; Hotel avranno cos\u00ec la possibilit\u00e0 di trascorrere serate piacevoli in compagnia degli amici tra musica e magia, approfittando della proverbiale capacit\u00e0 di Hit Casinos di far sentire ogni ospite a casa sua.<\/p>\n","protected":false},"excerpt":{"rendered":"<p>Nova Gorica, 26 ottobre 2017 &#8211; Dal fascino magnetico dell\u2019illusionismo al ritmo irresistibile della salsa: al Perla Casin\u00f2 &amp; Hotel sta per iniziare una delle settimane pi\u00f9 divertenti dell\u2019anno. Il programma degli eventi speciali comincia marted\u00ec con la notte di Halloween per proseguire fino a domenica 5 novembre, approfittando delle festivit\u00e0 legate al ponte di [&hellip;]<\/p>\n","protected":false},"author":49,"featured_media":0,"comment_status":"open","ping_status":"open","sticky":false,"template":"","format":"standard","meta":{"footnotes":""},"categories":[12],"tags":[16359,16360,2567],"class_list":["post-25839","post","type-post","status-publish","format-standard","hentry","category-musica","tag-abrakadabra","tag-maykelblanco","tag-halloween"],"_links":{"self":[{"href":"https:\/\/www.area-press.eu\/comunicatistampa\/wp-json\/wp\/v2\/posts\/25839","targetHints":{"allow":["GET"]}}],"collection":[{"href":"https:\/\/www.area-press.eu\/comunicatistampa\/wp-json\/wp\/v2\/posts"}],"about":[{"href":"https:\/\/www.area-press.eu\/comunicatistampa\/wp-json\/wp\/v2\/types\/post"}],"author":[{"embeddable":true,"href":"https:\/\/www.area-press.eu\/comunicatistampa\/wp-json\/wp\/v2\/users\/49"}],"replies":[{"embeddable":true,"href":"https:\/\/www.area-press.eu\/comunicatistampa\/wp-json\/wp\/v2\/comments?post=25839"}],"version-history":[{"count":1,"href":"https:\/\/www.area-press.eu\/comunicatistampa\/wp-json\/wp\/v2\/posts\/25839\/revisions"}],"predecessor-version":[{"id":25840,"href":"https:\/\/www.area-press.eu\/comunicatistampa\/wp-json\/wp\/v2\/posts\/25839\/revisions\/25840"}],"wp:attachment":[{"href":"https:\/\/www.area-press.eu\/comunicatistampa\/wp-json\/wp\/v2\/media?parent=25839"}],"wp:term":[{"taxonomy":"category","embeddable":true,"href":"https:\/\/www.area-press.eu\/comunicatistampa\/wp-json\/wp\/v2\/categories?post=25839"},{"taxonomy":"post_tag","embeddable":true,"href":"https:\/\/www.area-press.eu\/comunicatistampa\/wp-json\/wp\/v2\/tags?post=25839"}],"curies":[{"name":"wp","href":"https:\/\/api.w.org\/{rel}","templated":true}]}}