{"id":25827,"date":"2017-10-26T18:48:35","date_gmt":"2017-10-26T16:48:35","guid":{"rendered":"http:\/\/www.area-press.eu\/comunicatistampa\/?p=25827"},"modified":"2017-10-26T18:48:35","modified_gmt":"2017-10-26T16:48:35","slug":"sabato-28-ottobre-a-castel-maggiore-luciano-spinelli-star-del-web","status":"publish","type":"post","link":"https:\/\/www.area-press.eu\/comunicatistampa\/2017\/10\/26\/sabato-28-ottobre-a-castel-maggiore-luciano-spinelli-star-del-web\/","title":{"rendered":"SABATO 28 OTTOBRE A CASTEL MAGGIORE LUCIANO SPINELLI \u2013 STAR DEL WEB"},"content":{"rendered":"<p><strong>Lo youtuber autografa il suo libro\/diario \u00ab<em>Insieme<\/em>\u00bb<\/strong>,\u00a0<strong>e scatta foto con i fan<\/strong><\/p>\n<p>Il suo canale Youtube \u00e8 seguito da\u00a0quasi<strong>\u00a0<\/strong>300 mila<strong>\u00a0<\/strong>giovani e giovanissimi con oltre 17.000.000 di visualizzazioni,\u00a0in 500 mila lo seguono su Instagram e oltre 1.200 mila su\u00a0<a href=\"http:\/\/Musical.ly\">Musical.ly<\/a>, un\u2019app molto usata dai teenager.<\/p>\n<p>Sabato 28 ottobre alle ore 17.00 Luciano Spinelli incontra curiosi e fan presso il centro Le Piazze di Castel Maggiore.<\/p>\n<p>Ha 17 anni, vive in provincia di Milano, e conduce una vita normale, come tutti i ragazzi della sua et\u00e0. In pi\u00f9 per\u00f2 pu\u00f2 contare su migliaia di fan che su Youtube seguono i suoi video, nei quali condivide pensieri, idee, esperienze.<\/p>\n<p>Da maggio 2015, quando ha aperto il canale, il suo successo \u00e8 cresciuto, fino a raggiungere numeri di tutto rispetto; un successo consacrato anche da un libro, nel quale si confida e racconta il suo mondo.<\/p>\n<p>Sabato 28 ottobre a Le Piazze Luciano Spinelli sar\u00e0 a disposizione per\u00a0<strong>autografare<\/strong>\u00a0<strong>il libro INSIEME \u2013 Il mio diario nelle vostre mani.\u00a0\u00a0<\/strong>Immancabili le foto\u00a0con i fan.<\/p>\n","protected":false},"excerpt":{"rendered":"<p>Lo youtuber autografa il suo libro\/diario \u00abInsieme\u00bb,\u00a0e scatta foto con i fan Il suo canale Youtube \u00e8 seguito da\u00a0quasi\u00a0300 mila\u00a0giovani e giovanissimi con oltre 17.000.000 di visualizzazioni,\u00a0in 500 mila lo seguono su Instagram e oltre 1.200 mila su\u00a0Musical.ly, un\u2019app molto usata dai teenager. Sabato 28 ottobre alle ore 17.00 Luciano Spinelli incontra curiosi e fan [&hellip;]<\/p>\n","protected":false},"author":3395,"featured_media":0,"comment_status":"open","ping_status":"open","sticky":false,"template":"","format":"standard","meta":{"footnotes":""},"categories":[18,4],"tags":[],"class_list":["post-25827","post","type-post","status-publish","format-standard","hentry","category-altri-vari","category-attualita-e-societa"],"_links":{"self":[{"href":"https:\/\/www.area-press.eu\/comunicatistampa\/wp-json\/wp\/v2\/posts\/25827","targetHints":{"allow":["GET"]}}],"collection":[{"href":"https:\/\/www.area-press.eu\/comunicatistampa\/wp-json\/wp\/v2\/posts"}],"about":[{"href":"https:\/\/www.area-press.eu\/comunicatistampa\/wp-json\/wp\/v2\/types\/post"}],"author":[{"embeddable":true,"href":"https:\/\/www.area-press.eu\/comunicatistampa\/wp-json\/wp\/v2\/users\/3395"}],"replies":[{"embeddable":true,"href":"https:\/\/www.area-press.eu\/comunicatistampa\/wp-json\/wp\/v2\/comments?post=25827"}],"version-history":[{"count":1,"href":"https:\/\/www.area-press.eu\/comunicatistampa\/wp-json\/wp\/v2\/posts\/25827\/revisions"}],"predecessor-version":[{"id":25828,"href":"https:\/\/www.area-press.eu\/comunicatistampa\/wp-json\/wp\/v2\/posts\/25827\/revisions\/25828"}],"wp:attachment":[{"href":"https:\/\/www.area-press.eu\/comunicatistampa\/wp-json\/wp\/v2\/media?parent=25827"}],"wp:term":[{"taxonomy":"category","embeddable":true,"href":"https:\/\/www.area-press.eu\/comunicatistampa\/wp-json\/wp\/v2\/categories?post=25827"},{"taxonomy":"post_tag","embeddable":true,"href":"https:\/\/www.area-press.eu\/comunicatistampa\/wp-json\/wp\/v2\/tags?post=25827"}],"curies":[{"name":"wp","href":"https:\/\/api.w.org\/{rel}","templated":true}]}}