{"id":25771,"date":"2017-10-25T23:24:45","date_gmt":"2017-10-25T21:24:45","guid":{"rendered":"http:\/\/www.area-press.eu\/comunicatistampa\/?p=25771"},"modified":"2017-10-25T23:24:45","modified_gmt":"2017-10-25T21:24:45","slug":"il-respiro-dello-spazio-lastrazione-di-tilde-poli","status":"publish","type":"post","link":"https:\/\/www.area-press.eu\/comunicatistampa\/2017\/10\/25\/il-respiro-dello-spazio-lastrazione-di-tilde-poli\/","title":{"rendered":"Il respiro dello spazio. L\u2019astrazione di Tilde Poli"},"content":{"rendered":"<p style=\"text-align: justify\">La Fondazione Credito Bergamasco dedica una doppia esposizione a Tilde Poli (1924 \u2013 2006).<\/p>\n<p style=\"text-align: justify\">Nella <b>ex chiesa della Maddalena<\/b>, <b>dal 28 ottobre al 19 novembre<\/b>, sar\u00e0 allestita una retrospettiva dell\u2019artista, dagli esordi nei primi anni \u201840 alle estreme ricerche sino al 2005, con numerose opere inedite degli anni di evoluzione e cambiamento, dalla met\u00e0 degli anni \u201860 all\u2019inizio degli anni \u201880.<\/p>\n<p style=\"text-align: justify\">A <b>Palazzo Creberg<\/b>, <b>dal 9 al 30 novembre<\/b>, saranno esposte le opere di Tilde Poli facenti parte della collezione della famiglia Bonaldi, un omaggio alla figura di Carla Comana Bonaldi che dell\u2019artista fu nel tempo sostenitrice convinta, accompagnandone affettuosamente per lunghi tratti l\u2019intenso percorso d\u2019arte e di vita. Due donne unite, nei differenti contesti professionali, dalla medesima passione lungimirante per il proprio lavoro, precorrendo di molto i tempi in un impegno di eticit\u00e0 e valori il cui ricordo la comunit\u00e0 bergamasca dovrebbe con cura preservare.<\/p>\n<p style=\"text-align: justify\">La mostra <b><i>il respiro dello spazio &#8211; l\u2019astrazione di Tilde Poli<\/i><\/b> si inserisce nel ciclo espositivo che la Fondazione Credito Bergamasco ha dedicato a quegli esponenti dell\u2019arte bergamasca gi\u00e0 protagonisti dello storico \u201cGruppo Bergamo\u201d attivo in citt\u00e0 nel secondo dopoguerra dal \u201856 al \u201862 e di cui Tilde Poli fu l\u2019unica esponente femminile, oltre che segretaria per ci\u00f2 che riguard\u00f2 l\u2019attivit\u00e0 espositiva del Gruppo stesso nell\u2019omonima Galleria di via XX Settembre, evidenziandone l\u2019intensa ricerca che ha attraversato con raffinati esiti la seconda met\u00e0 del \u2018900 italiano.<\/p>\n<p style=\"text-align: justify\">L\u2019esposizione prende in considerazione prevalentemente quegli anni di evoluzione e cambiamento nel lavoro dell\u2019artista che vanno dalla met\u00e0 degli anni \u201860 all\u2019inizio degli \u201880, con opere anche inedite, a definire un periodo intenso di elaborazioni astratte di straordinaria creativit\u00e0, connaturatesi in seguito convenzionalmente quali \u201cpost-informali\u201d.<\/p>\n<p style=\"text-align: justify\"><i>\u00abTilde Poli \u00e8 stata una delle personalit\u00e0 femminili pi\u00f9 affascinanti dell\u2019universo artistico bergamasco del dopoguerra\u00bb<\/i> afferma <b>Angelo Piazzoli<\/b>, Segretario Generale della Fondazione Creberg e curatore della mostra insieme a Sandra Nava. <i>\u00abLa mostra si inserisce nel nostro progetto pluriennale di valorizzazione degli artisti del Gruppo Bergamo, operante dal 1956 al 1962 e che, sebbene oggi ancora troppo poco ricordato, fu estremamente importante all\u2019epoca per la crescita culturale della nostra citt\u00e0. Un compito che, per un ente come la Fondazione Credito Bergamasco, cos\u00ec radicato sul territorio, ho considerato doveroso perseguire. Da questi intenti sono scaturite negli scorsi anni le nostre mostre personali dedicate esponenti del Gruppo Bergamo \u2013 quali Trento Longaretti, Mario Cornali, Domenico Rossi, Franco Normanni, Rinaldo Pigola, Raffaello Locatelli, Piero Cattaneo, Erminio Maffioletti, Giuseppe Milesi \u2013 ovvero rivolte alla valorizzazione di personaggi di grande spessore \u2013 come Domenico Rossi, Gianfranco Bonetti, Sonia Ciscato, Rino Carrara, Paolo Ghilardi \u2013 che rischiavano di essere dimenticati post mortem con il ricambio generazionale. Ora \u00e8 finalmente arrivato il momento di costruire la mostra di Tilde Poli, con il sostegno del <b>Gruppo Bonaldi<\/b>, nell\u2019intento di continuare l\u2019ambizioso progetto\u00bb<\/i> conclude il Segretario Generale.<\/p>\n<p style=\"text-align: justify\">La mostra presso la <b>ex chiesa della Maddalena<\/b> \u00e8 visitabile con ingresso <b>libero dal 28 ottobre al 19 novembre<\/b>, da marted\u00ec a domenica, dalle 15.30 \u2013 19.30. Apertura speciale per tutti venerd\u00ec 27 ottobre dalle ore 17 alle 18.30.<\/p>\n<p style=\"text-align: justify\">A <b>Palazzo Creberg<\/b>, l\u2019esposizione<b>, dal 9 al 30 novembre<\/b>, sar\u00e0 visitabile durante gli orari di apertura della filiale Creberg-Banco BPM di Largo Porta Nuova (da luned\u00ec a venerd\u00ec, 8.20 &#8211; 13.20 e 14.50 &#8211; 15.50). \u00c8 prevista un\u2019inaugurazione nel Salone principale della Banca per mercoled\u00ec 8 novembre alle ore 18, con ingresso libero.<\/p>\n<p style=\"text-align: justify\">A corollario della mostra, \u00e8 in programma per <b>gioved\u00ec 16 novembre alle ore 17<\/b>, presso la Sala Traini del Credito Bergamasco-Banco BPM, una conferenza sulla figura di Tilde Poli da titolo <b><i>il respiro dello spazio<\/i><\/b>, con interventi di Angelo Piazzoli, Cristina Rodeschini, Roberto Tiraboschi e Sandra Nava. Accompagner\u00e0 l\u2019incontro un video sulla vita dell\u2019artista.<\/p>\n<p style=\"text-align: justify\"><b>Tilde Poli (1924 \u2013 2006): note biografiche<\/b><\/p>\n<p style=\"text-align: justify\">Nata a Bergamo nel 1924, Tide Poli, allieva di Guido Ballo, dopo la maturit\u00e0 al Liceo Artistico di Brera, avr\u00e0 un\u2019attivit\u00e0 espositiva precocissima, seguita con attenzione dalla critica pi\u00f9 attenta e da un fedele collezionismo.<\/p>\n<p style=\"text-align: justify\">Gi\u00e0 presente al IV Premio Bergamo del 1942, soggiorna e lavora a Roma dal \u201847 al \u201850 e dal \u201852 al \u201857 sar\u00e0 a Milano, partecipe dei grandi fermenti culturali di quegli anni irripetibili, vicina e amica tra gli altri di Fontana, Vedova, Cardazzo in intense frequentazioni poi illuminate dalla storia.<\/p>\n<p style=\"text-align: justify\">Inizia un percorso espositivo prestigioso nei pi\u00f9 rinomati spazi pubblici e privati, gi\u00e0 nel \u201858 presente alla fondamentale rassegna dei \u201cGiovani Artisti Italiani\u201d alla Permanente di Milano, riconosciuta tra le pi\u00f9 interessanti giovani interpreti della coeva astrazione italiana.<\/p>\n<p style=\"text-align: justify\">Si susseguono dai primi anni \u201860 esposizioni, tra le altre, alle Gallerie Lorenzelli e Fumagalli di Bergamo, alla Vismara di Milano, al Brandale di Savona, alla Martano di Torino, alla Diade e Vanna Casati di Bergamo, al Mi-Art di Milano, ad Arte a Bergamo anni \u201845\/\u201969 (2001-02) sino all\u2019ultima mostra milanese del 2004 alla Galleria Scoglio di Quarto.<\/p>\n<p style=\"text-align: justify\">Il rientro a Bergamo coincise significativamente con la collaborazione con il Teatro della Novit\u00e0 di Bindo Missiroli al Donizetti per le stagioni \u201959-\u201960-\u201861 di cui la retrospettiva del 2008 \u201cDoppio Segno\u201d nel foyer del teatro ha dato ampia testimonianza.<\/p>\n<p style=\"text-align: justify\">Nel 1990 e nel \u201891 la presenza a Parigi in due storiche esposizioni ne sancisce il successo internazionale.<\/p>\n<p style=\"text-align: justify\">Nel 2001 la Provincia di Bergamo le conferisce il Premio ULISSE per l\u2019attivit\u00e0 artistica e nel 2005 la GAMEC di Bergamo dedica all\u2019artista una personale.<\/p>\n<p style=\"text-align: justify\">La ricca bibliografia vede, tra gli altri, testi di Anzani, Caramel, Cavadini, Coccia, Daneri, Dragone, Fabiani, Fezzi, Fullenbaum, Gallina, Geddo, Gilly, Lorandi, Munari, Musso, Nava, Passoni, Pizzigoni, Sala, Sanesi, Veca, Zanchi, Zucchelli.<\/p>\n<p style=\"text-align: justify\">Tilde Poli si spegne a Bergamo il 26 dicembre 2006.<\/p>\n<p style=\"text-align: justify\"><b>Sede e orari delle esposizioni<\/b><\/p>\n<p style=\"text-align: justify\">Ex chiesa della Maddalena<\/p>\n<p style=\"text-align: justify\">Bergamo, via Sant\u2019Alessandro 39\/d<\/p>\n<p style=\"text-align: justify\">28 ottobre &#8211; 19 novembre 2017<\/p>\n<p style=\"text-align: justify\"><i>Orari<\/i><\/p>\n<p style=\"text-align: justify\">da marted\u00ec a domenica: 15.30 &#8211; 19.30<\/p>\n<p style=\"text-align: justify\">Palazzo Storico del Credito Bergamasco<\/p>\n<p style=\"text-align: justify\">Bergamo, Largo Porta Nuova 2<\/p>\n<p style=\"text-align: justify\">9 &#8211; 30 novembre 2017<\/p>\n<p style=\"text-align: justify\">Orari<\/p>\n<p style=\"text-align: justify\">da luned\u00ec a venerd\u00ec: 8.20 &#8211; 13.20 e 14.50 &#8211; 15.50<\/p>\n<p style=\"text-align: justify\">Ingresso libero<\/p>\n<p style=\"text-align: justify\">Catalogo in distribuzione gratuita dal 9 novembre presso Palazzo Creberg<\/p>\n<p style=\"text-align: justify\"><b>Si ringrazia Gruppo Bonaldi &#8211; Audi<\/b><\/p>\n<p style=\"text-align: justify\">Per informazioni: www.fondazionecreberg.it<b><\/b><\/p>\n<p style=\"text-align: justify\"><b>\u00a0<\/b><\/p>\n<p style=\"text-align: justify\"><b>Evento inaugurale<\/b><\/p>\n<p style=\"text-align: justify\">Mercoled\u00ec 8 novembre 2017 &#8211; ore 18.00 &#8211; Palazzo Storico Credito Bergamasco<\/p>\n<p style=\"text-align: justify\">Apertura mostra presso ex chiesa della Maddalena: venerd\u00ec 27 ottobre (ore 17 &#8211; 18.30)<\/p>\n<p style=\"text-align: justify\"><b>Organizzazione<\/b><\/p>\n<p style=\"text-align: justify\">Fondazione Credito Bergamasco (Bergamo)<b><\/b><\/p>\n<p style=\"text-align: justify\"><b>\u00a0<\/b><\/p>\n<p style=\"text-align: justify\"><b>Curatori<\/b><\/p>\n<p style=\"text-align: justify\">Sandra Nava &#8211; Angelo Piazzoli<\/p>\n<p style=\"text-align: justify\">Per informazioni la Fondazione Creberg \u00e8 on line su Facebook con la pagina \u201c<i>Fondazione Credito Bergamasco<\/i>\u201d<\/p>\n<p style=\"text-align: justify\"><a href=\"https:\/\/www.facebook.com\/pages\/Fondazione-Credito-Bergamasco\/1544952805763131?fref=ts\">https:\/\/www.facebook.com\/pages\/Fondazione-Credito-Bergamasco\/1544952805763131?fref=ts<\/a><\/p>\n","protected":false},"excerpt":{"rendered":"<p>La Fondazione Credito Bergamasco dedica una doppia esposizione a Tilde Poli (1924 \u2013 2006). Nella ex chiesa della Maddalena, dal 28 ottobre al 19 novembre, sar\u00e0 allestita una retrospettiva dell\u2019artista, dagli esordi nei primi anni \u201840 alle estreme ricerche sino al 2005, con numerose opere inedite degli anni di evoluzione e cambiamento, dalla met\u00e0 degli [&hellip;]<\/p>\n","protected":false},"author":3407,"featured_media":0,"comment_status":"open","ping_status":"open","sticky":false,"template":"","format":"standard","meta":{"footnotes":""},"categories":[3,29,8],"tags":[16304],"class_list":["post-25771","post","type-post","status-publish","format-standard","hentry","category-arte-e-cultura","category-comunicati","category-eventi","tag-palazzocreberg-fondazionecreditobergamasco-tildepoli-ilrespirodellospazio-esposizione"],"_links":{"self":[{"href":"https:\/\/www.area-press.eu\/comunicatistampa\/wp-json\/wp\/v2\/posts\/25771","targetHints":{"allow":["GET"]}}],"collection":[{"href":"https:\/\/www.area-press.eu\/comunicatistampa\/wp-json\/wp\/v2\/posts"}],"about":[{"href":"https:\/\/www.area-press.eu\/comunicatistampa\/wp-json\/wp\/v2\/types\/post"}],"author":[{"embeddable":true,"href":"https:\/\/www.area-press.eu\/comunicatistampa\/wp-json\/wp\/v2\/users\/3407"}],"replies":[{"embeddable":true,"href":"https:\/\/www.area-press.eu\/comunicatistampa\/wp-json\/wp\/v2\/comments?post=25771"}],"version-history":[{"count":1,"href":"https:\/\/www.area-press.eu\/comunicatistampa\/wp-json\/wp\/v2\/posts\/25771\/revisions"}],"predecessor-version":[{"id":25775,"href":"https:\/\/www.area-press.eu\/comunicatistampa\/wp-json\/wp\/v2\/posts\/25771\/revisions\/25775"}],"wp:attachment":[{"href":"https:\/\/www.area-press.eu\/comunicatistampa\/wp-json\/wp\/v2\/media?parent=25771"}],"wp:term":[{"taxonomy":"category","embeddable":true,"href":"https:\/\/www.area-press.eu\/comunicatistampa\/wp-json\/wp\/v2\/categories?post=25771"},{"taxonomy":"post_tag","embeddable":true,"href":"https:\/\/www.area-press.eu\/comunicatistampa\/wp-json\/wp\/v2\/tags?post=25771"}],"curies":[{"name":"wp","href":"https:\/\/api.w.org\/{rel}","templated":true}]}}