{"id":25656,"date":"2017-10-22T17:10:02","date_gmt":"2017-10-22T15:10:02","guid":{"rendered":"http:\/\/www.area-press.eu\/comunicatistampa\/?p=25656"},"modified":"2017-10-22T17:10:02","modified_gmt":"2017-10-22T15:10:02","slug":"lassociazione-vento-solidale-onlus-mantiene-i-suoi-impegni-erogato-il-primo-contributo-del-progetto-sostegno-italiano-2017","status":"publish","type":"post","link":"https:\/\/www.area-press.eu\/comunicatistampa\/2017\/10\/22\/lassociazione-vento-solidale-onlus-mantiene-i-suoi-impegni-erogato-il-primo-contributo-del-progetto-sostegno-italiano-2017\/","title":{"rendered":"L&#8217;ASSOCIAZIONE &#8220;VENTO SOLIDALE &#8211; ONLUS&#8221; MANTIENE I SUOI IMPEGNI ! Erogato il primo contributo del progetto \u201dSostegno italiano 2017\u201d!"},"content":{"rendered":"<p><strong>L\u2019associazione \u201cVENTO SOLIDALE \u2013 ONLUS\u201d, costituitasi solo recentemente quale Associazione <\/strong><strong>Onlus che persegue esclusivamente fini di solidariet\u00e0 sociale, attraverso la prevalente azione diretta personale e gratuita dei propri aderenti, ha onorato il primo impegno solidale previsto nell\u2019ambito dei progetti da essa sostenuti (dettagli su www.ventosolidaleonlus.altervista.org).<\/strong><\/p>\n<p><strong>In particolare, l\u2019Associazione, contemporaneamente al progetto \u201cUn trattore per Kakiri &#8211; Uganda\u201d, finalizzato all&#8217;acquisto di un trattore della serie &#8221;\u00a0Utility classe B&#8221;, a favore della popolazione di Kakiri (localit\u00e0 dove \u00e8 stato realizzato un pozzo per l&#8217;estrazione dell&#8217;acqua), sostiene in Italia il progetto \u201cSostegno italiano\u201d.<\/strong><\/p>\n<p><strong>Quest\u2019ultimo progetto \u00e8 finalizzato ad aiutare, con un piccolo contributo annuale,\u00a0 l&#8217;organizzazione che abbia dimostrato di operare nel campo della solidarieta&#8217; diretta a favore delle persone indigenti mediante l&#8217;impiego efficace delle risorse, limitando al minimo le spese per attivit\u00e0 di carattere secondario e concentrando i propri sforzi nello svolgimento di attivit\u00e0 concrete ( distribuzione pasti, vestiario, ecc. ).<\/strong><\/p>\n<p><strong>E proprio nell\u2019ambito di tale progetto l\u2019Associazione ha assegnato ed erogato il primo contributo \u201c Sostegno italiano\u201d dell\u2019anno 2017 a favore degli indigenti che ogni lunedi e martedi sera si \u201caffacciano\u201d sul piazzale della stazione di Roma Ostiense per usufruire gratuitamente di un pasto caldo grazie all\u2019opera degli operatori di RomAmor, un\u2019Associazione che costantemente svolge tale tipo di attivit\u00e0 con eccellenti risultati.<\/strong><\/p>\n<p><strong>Il contributo erogato \u00e8 finalizzato per l\u2019acquisto dei materiali di consumo utili per la distribuzione dei pasti<\/strong><strong>, nella considerazione che non tutto viene regalato dai fornitori (come ad es. piatti, bicchieri e stoviglie di plastica, sacchi condominiali per la spazzatura, guanti di lattice, ecc.) per cui la generosit\u00e0 dei donatori risulta comunque necessaria per la completa attuazione dell&#8217;attivit\u00e0 solidale.<\/strong><\/p>\n<p><strong>L\u2019Associazione \u201cVENTO SOLIDALE \u2013ONLUS\u201d ringrazia tutti donatori che hanno permesso il conseguimento di questo primo importante obiettivo annuale di solidariet\u00e0 ed invita tutti a continuare a sostenerla in futuro, nell\u2019ottica del <\/strong><\/p>\n<p><strong>\u201c &#8230;<\/strong><strong>Cominciate col fare ci\u00f2 che \u00e8 necessario, poi ci\u00f2 che \u00e8 possibile. E all&#8217;improvviso vi sorprenderete a fare l&#8217;impossibile\u2026(S.Francesco)\u201d.<\/strong><\/p>\n<p><strong>\u2026intanto prosegue \u201c a tutta velocit\u00e0\u201d \u00a0il progetto \u201c Un trattore per Kakiri\u201d per il quale si auspica la \u00a0partecipazione di tutti, in considerazione del suo particolare contenuto! <\/strong><\/p>\n<p><strong>Grazie a tutti !<\/strong><\/p>\n<p><strong>SOSTENETECI CON UNA DONAZIONE SU:<\/strong><\/p>\n<p><strong>c\/c BCC Roma Iban IT 32 J 08327 39030 000000010327\u00a0\u00a0 ! DONA ORA!<\/strong><\/p>\n<p><strong>\u00a0<\/strong><\/p>\n","protected":false},"excerpt":{"rendered":"<p>L\u2019associazione \u201cVENTO SOLIDALE \u2013 ONLUS\u201d, costituitasi solo recentemente quale Associazione Onlus che persegue esclusivamente fini di solidariet\u00e0 sociale, attraverso la prevalente azione diretta personale e gratuita dei propri aderenti, ha onorato il primo impegno solidale previsto nell\u2019ambito dei progetti da essa sostenuti (dettagli su www.ventosolidaleonlus.altervista.org). In particolare, l\u2019Associazione, contemporaneamente al progetto \u201cUn trattore per Kakiri [&hellip;]<\/p>\n","protected":false},"author":4643,"featured_media":0,"comment_status":"open","ping_status":"open","sticky":false,"template":"","format":"standard","meta":{"footnotes":""},"categories":[29],"tags":[],"class_list":["post-25656","post","type-post","status-publish","format-standard","hentry","category-comunicati"],"_links":{"self":[{"href":"https:\/\/www.area-press.eu\/comunicatistampa\/wp-json\/wp\/v2\/posts\/25656","targetHints":{"allow":["GET"]}}],"collection":[{"href":"https:\/\/www.area-press.eu\/comunicatistampa\/wp-json\/wp\/v2\/posts"}],"about":[{"href":"https:\/\/www.area-press.eu\/comunicatistampa\/wp-json\/wp\/v2\/types\/post"}],"author":[{"embeddable":true,"href":"https:\/\/www.area-press.eu\/comunicatistampa\/wp-json\/wp\/v2\/users\/4643"}],"replies":[{"embeddable":true,"href":"https:\/\/www.area-press.eu\/comunicatistampa\/wp-json\/wp\/v2\/comments?post=25656"}],"version-history":[{"count":2,"href":"https:\/\/www.area-press.eu\/comunicatistampa\/wp-json\/wp\/v2\/posts\/25656\/revisions"}],"predecessor-version":[{"id":25658,"href":"https:\/\/www.area-press.eu\/comunicatistampa\/wp-json\/wp\/v2\/posts\/25656\/revisions\/25658"}],"wp:attachment":[{"href":"https:\/\/www.area-press.eu\/comunicatistampa\/wp-json\/wp\/v2\/media?parent=25656"}],"wp:term":[{"taxonomy":"category","embeddable":true,"href":"https:\/\/www.area-press.eu\/comunicatistampa\/wp-json\/wp\/v2\/categories?post=25656"},{"taxonomy":"post_tag","embeddable":true,"href":"https:\/\/www.area-press.eu\/comunicatistampa\/wp-json\/wp\/v2\/tags?post=25656"}],"curies":[{"name":"wp","href":"https:\/\/api.w.org\/{rel}","templated":true}]}}