{"id":25611,"date":"2017-10-20T18:52:02","date_gmt":"2017-10-20T16:52:02","guid":{"rendered":"http:\/\/www.area-press.eu\/comunicatistampa\/?p=25611"},"modified":"2017-10-20T18:52:02","modified_gmt":"2017-10-20T16:52:02","slug":"indossare-un-abito-senza-un-cappotto-sopra","status":"publish","type":"post","link":"https:\/\/www.area-press.eu\/comunicatistampa\/2017\/10\/20\/indossare-un-abito-senza-un-cappotto-sopra\/","title":{"rendered":"indossare un abito senza un cappotto sopra"},"content":{"rendered":"<p><img decoding=\"async\" src=\"http:\/\/www.gillne.it\/i\/9ce2-uzir3-abito-da-ballo-allacciato-a-line-schiena-nuda-con-applique-a-terra.jpg\" \/>\u200b<br \/>\nTrend warning, people: Il cappotto ha un momento serio. La mia attenzione \u00e8 stata rivolta al progetto Mindy solo poche settimane fa, quando il Dr. L aveva indossato una versione rosa per pranzare con la madre di Danny. Da allora mi sono reso conto della tendenza che si \u00e8 verificato in alcuni dei nostri preferiti (saggistica) celebrit\u00e0 moda &#8211; J. legge anche indossato uno fino a questa sera in anteprima di Serena al London Film Festival.<br \/>\n<img decoding=\"async\" src=\"http:\/\/www.gillne.it\/i\/9ce2-8pgnf-abito-da-sposa-cerniera-v-scollo-coda-a-strascico-cappella-in-organza-a-terra.jpg\" \/><br \/>\n<img decoding=\"async\" src=\"http:\/\/www.gillne.it\/i\/9ce2-ux0jw-abito-mamma-sposa-vita-quadrato-in-chiffon-scollo-plisse.jpg\" \/><br \/>\nLo ammetto, non sono sicuro se sar\u00f2 completamente venduto in questa tendenza, almeno non con me. Non riesco a vedere come sto indossando un cappotto, senza un abito sotto &#8211; io non mi vedo da che indossa un abito senza cappotto su di esso quando \u00e8 abbastanza freddo da indossare anche un vestito da cappotto. Dopo tutto, \u00e8 una tendenza abbastanza difficile perch\u00e9 si va una linea molto bella tra il classico e il duro. La vita giusta <a href=\"http:\/\/www.gillne.it\/abiti-da-ballo-c17\">abiti ballo<\/a>, l&#8217;orlo destro, la scollatura destra &#8230; Ci sono alcuni fattori che influenzano lo stile dell&#8217;emblema.<br \/>\nTuttavia <a href=\"http:\/\/www.gillne.it\/abiti-da-cerimonia-bambini-c14\">abiti da damigella bambina<\/a>, non sorprende che queste signore rendano il trend apparentemente feroce, elegante e femminile. Mi hanno lasciato quasi andare a comprare il mio abito proprio cappotto. Quasi. Sar\u00f2 l\u00e0.<\/p>\n","protected":false},"excerpt":{"rendered":"<p>\u200b Trend warning, people: Il cappotto ha un momento serio. La mia attenzione \u00e8 stata rivolta al progetto Mindy solo poche settimane fa, quando il Dr. L aveva indossato una versione rosa per pranzare con la madre di Danny. Da allora mi sono reso conto della tendenza che si \u00e8 verificato in alcuni dei nostri [&hellip;]<\/p>\n","protected":false},"author":4745,"featured_media":0,"comment_status":"open","ping_status":"open","sticky":false,"template":"","format":"standard","meta":{"footnotes":""},"categories":[29],"tags":[],"class_list":["post-25611","post","type-post","status-publish","format-standard","hentry","category-comunicati"],"_links":{"self":[{"href":"https:\/\/www.area-press.eu\/comunicatistampa\/wp-json\/wp\/v2\/posts\/25611","targetHints":{"allow":["GET"]}}],"collection":[{"href":"https:\/\/www.area-press.eu\/comunicatistampa\/wp-json\/wp\/v2\/posts"}],"about":[{"href":"https:\/\/www.area-press.eu\/comunicatistampa\/wp-json\/wp\/v2\/types\/post"}],"author":[{"embeddable":true,"href":"https:\/\/www.area-press.eu\/comunicatistampa\/wp-json\/wp\/v2\/users\/4745"}],"replies":[{"embeddable":true,"href":"https:\/\/www.area-press.eu\/comunicatistampa\/wp-json\/wp\/v2\/comments?post=25611"}],"version-history":[{"count":1,"href":"https:\/\/www.area-press.eu\/comunicatistampa\/wp-json\/wp\/v2\/posts\/25611\/revisions"}],"predecessor-version":[{"id":25612,"href":"https:\/\/www.area-press.eu\/comunicatistampa\/wp-json\/wp\/v2\/posts\/25611\/revisions\/25612"}],"wp:attachment":[{"href":"https:\/\/www.area-press.eu\/comunicatistampa\/wp-json\/wp\/v2\/media?parent=25611"}],"wp:term":[{"taxonomy":"category","embeddable":true,"href":"https:\/\/www.area-press.eu\/comunicatistampa\/wp-json\/wp\/v2\/categories?post=25611"},{"taxonomy":"post_tag","embeddable":true,"href":"https:\/\/www.area-press.eu\/comunicatistampa\/wp-json\/wp\/v2\/tags?post=25611"}],"curies":[{"name":"wp","href":"https:\/\/api.w.org\/{rel}","templated":true}]}}