{"id":25537,"date":"2017-10-18T22:44:37","date_gmt":"2017-10-18T20:44:37","guid":{"rendered":"http:\/\/www.area-press.eu\/comunicatistampa\/?p=25537"},"modified":"2017-10-18T22:44:37","modified_gmt":"2017-10-18T20:44:37","slug":"azienda-di-infissi-a-viterbo","status":"publish","type":"post","link":"https:\/\/www.area-press.eu\/comunicatistampa\/2017\/10\/18\/azienda-di-infissi-a-viterbo\/","title":{"rendered":"Azienda di Infissi a Viterbo"},"content":{"rendered":"<p lang=\"it-IT\"><a href=\"http:\/\/www.infissiproietti.it\/\">Infissi Proietti<\/a> \u00e8 un&#8217;azienda di Viterbo che si occupa di progettazione e realizzazione di:<\/p>\n<ul>\n<li>\n<p lang=\"it-IT\">infissi in alluminio<\/p>\n<\/li>\n<li>\n<p lang=\"it-IT\">verande<\/p>\n<\/li>\n<li>\n<p lang=\"it-IT\">infissi in legno<\/p>\n<\/li>\n<li>\n<p lang=\"it-IT\">infissi in pvc<\/p>\n<\/li>\n<li>\n<p lang=\"it-IT\">strutture in legno<\/p>\n<\/li>\n<li>\n<p lang=\"it-IT\">infissi in ferro<\/p>\n<\/li>\n<\/ul>\n<p lang=\"it-IT\">Dagli anni 60 fino ad oggi sono cambiati i sistemi di creazione degli infissi e l&#8217;azienda Proietti si \u00e8 aggiornata utilizzando le ultime tecnologie disponibili.<\/p>\n<p lang=\"it-IT\">L&#8217;unica cosa che non \u00e8 cambiata \u00e8 l&#8217;obiettivo. La Proietti srl continua a proporre ai suoi clienti prodotti di qualit\u00e0 adatti a ogni tipo di esigenza, affidabili e sicuri.<\/p>\n<p lang=\"it-IT\">Ogni realizzazione di Infissi Proietti \u00e8 curata nel minimo dettaglio e viene realizzata su misura.<\/p>\n<p lang=\"it-IT\">Il personale \u00e8 a completa disposizione del cliente e assiste nelle fasi di acquisto, che prevedono la consulenza, il sopralluogo e i preventivi gratuiti.<\/p>\n<p lang=\"it-IT\">Terminata la fase di acquisto il personale resta disponibile per assistenza post-vendita.<\/p>\n<h2><span style=\"font-size: large\">La qualit\u00e0 degli infissi<\/span><\/h2>\n<p lang=\"it-IT\">La Infissi Proietti \u00e8 nata con una linea prettamente artigianale legata in particolar modo alla lavorazione del ferro e dell\u2019alluminio nel campo degli infissi.<\/p>\n<p lang=\"it-IT\">Oggi invece presta continua attenzione alle ultime innovazioni tecnologiche e per le nuove esigenze del mercato.<\/p>\n<p lang=\"it-IT\">L&#8217;azienda in questo modo \u00e8 diventata punto di riferimento per il locale e ha conquistato nuove fette di mercato.<\/p>\n<p lang=\"it-IT\">Nel 2001 Proietti srl ha anche ottenuto la certificazione ISO 9002\/94, tra le prime del settore.<\/p>\n<p lang=\"it-IT\">Oggi Infissi Proietti oltre ad occuparsi di infissi di vario genere, pone particolare attenzione al settore sicurezza e propone persiane blindate, grate e avvolgibili in acciaio.<\/p>\n<p lang=\"it-IT\">La professionalit\u00e0, l\u2019impegno personale, la flessibilit\u00e0 e la disponibilit\u00e0 verso il cliente fanno di Infissi Proietti l\u2019azienda ideale per tutte le esigenze nel settore infissi e serramenti di sicurezza.<\/p>\n<p lang=\"it-IT\">Tra le principali realizzazioni dell&#8217;azienda si trovano soprattutto:<\/p>\n<ul>\n<li>\n<p lang=\"it-IT\">Cancelli in ferro<\/p>\n<\/li>\n<li>\n<p lang=\"it-IT\">Verande in legno<\/p>\n<\/li>\n<li>\n<p lang=\"it-IT\">Gazebo in legno<\/p>\n<\/li>\n<li>\n<p lang=\"it-IT\">Tettoia in legno<\/p>\n<\/li>\n<li>\n<p lang=\"it-IT\">Scale da interni<\/p>\n<\/li>\n<\/ul>\n<p lang=\"it-IT\">Se vuoi saperne di pi\u00f9 visita il sito ufficiale dove puoi trovare il catalogo prodotti.<\/p>\n","protected":false},"excerpt":{"rendered":"<p>Infissi Proietti \u00e8 un&#8217;azienda di Viterbo che si occupa di progettazione e realizzazione di: infissi in alluminio verande infissi in legno infissi in pvc strutture in legno infissi in ferro Dagli anni 60 fino ad oggi sono cambiati i sistemi di creazione degli infissi e l&#8217;azienda Proietti si \u00e8 aggiornata utilizzando le ultime tecnologie disponibili. [&hellip;]<\/p>\n","protected":false},"author":102,"featured_media":0,"comment_status":"open","ping_status":"open","sticky":false,"template":"","format":"standard","meta":{"footnotes":""},"categories":[5],"tags":[],"class_list":["post-25537","post","type-post","status-publish","format-standard","hentry","category-aziendali"],"_links":{"self":[{"href":"https:\/\/www.area-press.eu\/comunicatistampa\/wp-json\/wp\/v2\/posts\/25537","targetHints":{"allow":["GET"]}}],"collection":[{"href":"https:\/\/www.area-press.eu\/comunicatistampa\/wp-json\/wp\/v2\/posts"}],"about":[{"href":"https:\/\/www.area-press.eu\/comunicatistampa\/wp-json\/wp\/v2\/types\/post"}],"author":[{"embeddable":true,"href":"https:\/\/www.area-press.eu\/comunicatistampa\/wp-json\/wp\/v2\/users\/102"}],"replies":[{"embeddable":true,"href":"https:\/\/www.area-press.eu\/comunicatistampa\/wp-json\/wp\/v2\/comments?post=25537"}],"version-history":[{"count":4,"href":"https:\/\/www.area-press.eu\/comunicatistampa\/wp-json\/wp\/v2\/posts\/25537\/revisions"}],"predecessor-version":[{"id":25542,"href":"https:\/\/www.area-press.eu\/comunicatistampa\/wp-json\/wp\/v2\/posts\/25537\/revisions\/25542"}],"wp:attachment":[{"href":"https:\/\/www.area-press.eu\/comunicatistampa\/wp-json\/wp\/v2\/media?parent=25537"}],"wp:term":[{"taxonomy":"category","embeddable":true,"href":"https:\/\/www.area-press.eu\/comunicatistampa\/wp-json\/wp\/v2\/categories?post=25537"},{"taxonomy":"post_tag","embeddable":true,"href":"https:\/\/www.area-press.eu\/comunicatistampa\/wp-json\/wp\/v2\/tags?post=25537"}],"curies":[{"name":"wp","href":"https:\/\/api.w.org\/{rel}","templated":true}]}}