{"id":25488,"date":"2017-10-18T03:21:39","date_gmt":"2017-10-18T01:21:39","guid":{"rendered":"http:\/\/www.area-press.eu\/comunicatistampa\/?p=25488"},"modified":"2017-10-18T03:21:39","modified_gmt":"2017-10-18T01:21:39","slug":"il-gruppo-varvel-in-pista-con-i-futuri-professionisti-delle-due-ruote","status":"publish","type":"post","link":"https:\/\/www.area-press.eu\/comunicatistampa\/2017\/10\/18\/il-gruppo-varvel-in-pista-con-i-futuri-professionisti-delle-due-ruote\/","title":{"rendered":"Il Gruppo Varvel in pista con i futuri professionisti delle due ruote"},"content":{"rendered":"<p><em>Rinnovato per il 2017-2018 il sostegno al Master in Ingegneria della Moto da Corsa tenuto dall\u2019ente di Alta Formazione per il business Professional Datagest con una borsa di studio per l\u2019allievo pi\u00f9 meritevole<\/em><em>\u00a0<\/em><\/p>\n<p>Il Gruppo Varvel, realt\u00e0 bolognese che dal 1955 progetta, produce e commercializza riduttori meccanici di velocit\u00e0, \u00e8 un\u2019azienda socialmente responsabile che riserva molta attenzione al mondo della formazione e alle opportunit\u00e0 lavorative per le giovani generazioni.<\/p>\n<p>\u00c8 ormai una partnership consolidata quella con il Master in Ingegneria della Moto da Corsa organizzato dall\u2019ente di formazione bolognese Professional Datagest, nata nel 2012, quando Varvel ha scelto di sostenere due allievi provenienti dai comuni emiliani colpiti dal terremoto. Come gi\u00e0 negli scorsi anni, anche per la sesta edizione, appena inaugurata, l\u2019azienda premier\u00e0 lo studente che avr\u00e0 dimostrato il maggiore impegno e ottenuto i migliori risultati con una borsa di studio durante la cerimonia conclusiva che si terr\u00e0 alla fine del percorso.<\/p>\n<p>Questo accreditato master, che vede la partecipazione di docenti provenienti da primarie aziende del territorio, la famosa \u201cMotor Valley\u201d chiamata cos\u00ec proprio per la concentrazione di eccellenze nel settore della meccanica, \u00e8 pensato per giovani laureati e laureandi in ingegneria meccanica, elettronica e aerospaziale che desiderano acquisire le competenze tecniche specialistiche per la progettazione e la costruzione di moto da corsa. Si tratta di un progetto formativo di altissimo livello che permette ai partecipanti di unire la passione per i motori e lo sport con reali opportunit\u00e0 professionali nel settore, anche grazie ai tirocini formativi alla fine del corso presso prestigiose realt\u00e0 legate al mondo delle due ruote.<\/p>\n<p><em>\u201cAiutare i giovani che si impegnano al massimo nella realizzazione dei loro obiettivi \u00e8 per noi un onore e un impegno che siamo felici di sostenere\u201d<\/em>\u00a0dichiara\u00a0<strong>Francesco Berselli, Presidente del Gruppo Varvel<\/strong>.\u00a0<em>\u201cPuntare sui giovani \u00e8 l\u2019unico modo per garantire la continuit\u00e0 e la crescita del mercato e il mantenimento degli alti livelli che rendono l\u2019Italia una potenza competitiva in tutto il mondo\u201d.<\/em><\/p>\n<p>Anche\u00a0<strong>Mauro Cominoli, Direttore Generale del Gruppo Varvel<\/strong>, commenta:\u00a0<em>\u201cCollaborare a iniziative come questo master, creare nuove occasioni per i professionisti del futuro e incentivare lo sviluppo del nostro settore ci permette di dare il nostro contributo a chi merita davvero di riuscire a dare forma concreta ai propri sogni. Alla fine di questo master tutto il tessuto produttivo, locale e nazionale, pu\u00f2 contare su nuove risorse volenterose, qualificate e con un grande potenziale da esprimere. Un vantaggio dal valore incalcolabile che permetter\u00e0 la crescita delle aziende e dell\u2019intero sistema.\u201d<\/em><\/p>\n<p>&nbsp;<\/p>\n<p><a href=\"http:\/\/www.varvel.com\/\">Varvel SpA<\/a>\u00a0&#8211; Via 2 Agosto 1980, 9 &#8211; Loc. Crespellano, 40053 Valsamoggia (BO) &#8211; Italy &#8211; Tel. +39 051 6721811 &#8211; Fax +39 051 6721825 &#8211;\u00a0<a href=\"mailto:varvel@varvel.com\">varvel@varvel.com<\/a><br \/>\nUfficio Stampa: Borderline &#8211; Via Parisio 16 &#8211; 40137 Bologna &#8211; Tel. 0514450204 &#8211; Matteo Barboni &#8211; 3496172546 m.barboni@borderlineagency.com<\/p>\n","protected":false},"excerpt":{"rendered":"<p>Rinnovato per il 2017-2018 il sostegno al Master in Ingegneria della Moto da Corsa tenuto dall\u2019ente di Alta Formazione per il business Professional Datagest con una borsa di studio per l\u2019allievo pi\u00f9 meritevole\u00a0 Il Gruppo Varvel, realt\u00e0 bolognese che dal 1955 progetta, produce e commercializza riduttori meccanici di velocit\u00e0, \u00e8 un\u2019azienda socialmente responsabile che riserva [&hellip;]<\/p>\n","protected":false},"author":3854,"featured_media":0,"comment_status":"open","ping_status":"open","sticky":false,"template":"","format":"standard","meta":{"footnotes":""},"categories":[5,29],"tags":[772,10899,16159,16160,11710,16161],"class_list":["post-25488","post","type-post","status-publish","format-standard","hentry","category-aziendali","category-comunicati","tag-made-in-italy","tag-meccanica-di-precisione","tag-moto-da-corsa","tag-motoriduttore","tag-trasmissioni-di-potenza","tag-varvel"],"_links":{"self":[{"href":"https:\/\/www.area-press.eu\/comunicatistampa\/wp-json\/wp\/v2\/posts\/25488","targetHints":{"allow":["GET"]}}],"collection":[{"href":"https:\/\/www.area-press.eu\/comunicatistampa\/wp-json\/wp\/v2\/posts"}],"about":[{"href":"https:\/\/www.area-press.eu\/comunicatistampa\/wp-json\/wp\/v2\/types\/post"}],"author":[{"embeddable":true,"href":"https:\/\/www.area-press.eu\/comunicatistampa\/wp-json\/wp\/v2\/users\/3854"}],"replies":[{"embeddable":true,"href":"https:\/\/www.area-press.eu\/comunicatistampa\/wp-json\/wp\/v2\/comments?post=25488"}],"version-history":[{"count":1,"href":"https:\/\/www.area-press.eu\/comunicatistampa\/wp-json\/wp\/v2\/posts\/25488\/revisions"}],"predecessor-version":[{"id":25489,"href":"https:\/\/www.area-press.eu\/comunicatistampa\/wp-json\/wp\/v2\/posts\/25488\/revisions\/25489"}],"wp:attachment":[{"href":"https:\/\/www.area-press.eu\/comunicatistampa\/wp-json\/wp\/v2\/media?parent=25488"}],"wp:term":[{"taxonomy":"category","embeddable":true,"href":"https:\/\/www.area-press.eu\/comunicatistampa\/wp-json\/wp\/v2\/categories?post=25488"},{"taxonomy":"post_tag","embeddable":true,"href":"https:\/\/www.area-press.eu\/comunicatistampa\/wp-json\/wp\/v2\/tags?post=25488"}],"curies":[{"name":"wp","href":"https:\/\/api.w.org\/{rel}","templated":true}]}}