{"id":25459,"date":"2017-10-18T03:21:36","date_gmt":"2017-10-18T01:21:36","guid":{"rendered":"http:\/\/www.area-press.eu\/comunicatistampa\/?p=25459"},"modified":"2017-10-18T03:21:36","modified_gmt":"2017-10-18T01:21:36","slug":"brividi-dautunno-halloween-con-sauna-a-mezzanotte-al-falkensteiner-hotel-spa-jesolo","status":"publish","type":"post","link":"https:\/\/www.area-press.eu\/comunicatistampa\/2017\/10\/18\/brividi-dautunno-halloween-con-sauna-a-mezzanotte-al-falkensteiner-hotel-spa-jesolo\/","title":{"rendered":"Brividi d\u2019autunno! Halloween con sauna a mezzanotte al Falkensteiner Hotel &amp; Spa Jesolo"},"content":{"rendered":"<p><img loading=\"lazy\" decoding=\"async\" class=\"\" src=\"https:\/\/www.falkensteiner.com\/website\/var\/tmp\/image-thumbnails\/40000\/47509\/thumb__gallerybox\/innenpool-4.jpeg\" width=\"1232\" height=\"821\" \/><\/p>\n<p>La Spa vista mare, le ampie vetrate sull\u2019oscurit\u00e0 della notte , nessuna anima viva nella spiaggia deserta e la luna che fa capolino con il sorriso sardonico dei suoi crateri, mentre il tepore delle saune e la piscina interna ed esterna offrono riparo nella \u201cnotte degli spiriti\u201d. Questa \u00e8 la proposta originale del Falkensteiner Hotel &amp; Spa Jesolo che per la notte del 31 ottobre terr\u00e0 aperta la sauna fino a mezzanotte e che addirittura regaler\u00e0 il soggiorno con la formula 4 al posto di 3. La notte di Halloween \u00e8 offerta. La proposta \u00e8 valida dal 28 al 31 ottobre e varrebbe la pena approfittarne vista la festivit\u00e0 di mercoled\u00ec 1 novembre, Ognissanti.<\/p>\n<p>Le terrazze moderne e lo studio sapiente del design fanno di questo hotel un luogo ideale per rigenerarsi prima e durante il freddo invernale. Una pausa romantica e divertente si traduce a fine ottobre in tempo di qualit\u00e0 che permette di entrare nel mood \u201cDolce Vita\u201d . Questo capolavoro architettonico, opera di Richard Meier e curato negli interni da Matteo Thun, sorge di fronte ad una superba spiaggia che in autunno diventa di pieno dominio delle persone e dell\u2019anima. Un magico tappeto che splende dei colori caldi e intimi tipici del periodo autunnale, per rigenerarsi e divertirsi. Programmi di massaggi, yoga e fitness cosi\u2019 come un gourmet eccezionale.<\/p>\n<p>Per la giornata del 31 ottobre ampie le possibilit\u00e0 di svago,come una gita nella Venezia pi\u00f9 nostalgica che si tinge di eventi e che rinvia pi\u00f9 di ogni altra meta ai misteri tra calli e luoghi nascosti. Nella vicina Mestre dalle 15.00 si organizza la Zombie Walk con sessioni di trucco \u201cmostruoso\u201d e corteo che parte alle 19.00. Nei giorni di soggiorno inoltre \u00e8 consigliabile visitare le antiche dimore della Riviera del Brenta dove la storia si interseca con il mistero, l\u2019architettura con l\u2019ambiente oppure semplicemente lasciarsi coccolare dalle mani esperte dell\u2019Acquapura Spa per massaggi e trattamenti in grado di \u201crisvegliare lo spirito\u201d del benessere assoluto .<\/p>\n<p>Link ufficiale: <a href=\"http:\/\/www.falkensteiner.com\/it\/hotel\/jesolo\" target=\"_blank\" rel=\"noopener\">www.falkensteiner.com\/it\/hotel\/jesolo<\/a><\/p>\n<p>Numero verde: 800832815<\/p>\n","protected":false},"excerpt":{"rendered":"<p>La Spa vista mare, le ampie vetrate sull\u2019oscurit\u00e0 della notte , nessuna anima viva nella spiaggia deserta e la luna che fa capolino con il sorriso sardonico dei suoi crateri, mentre il tepore delle saune e la piscina interna ed esterna offrono riparo nella \u201cnotte degli spiriti\u201d. Questa \u00e8 la proposta originale del Falkensteiner Hotel [&hellip;]<\/p>\n","protected":false},"author":3540,"featured_media":0,"comment_status":"open","ping_status":"open","sticky":false,"template":"","format":"standard","meta":{"footnotes":""},"categories":[29],"tags":[],"class_list":["post-25459","post","type-post","status-publish","format-standard","hentry","category-comunicati"],"_links":{"self":[{"href":"https:\/\/www.area-press.eu\/comunicatistampa\/wp-json\/wp\/v2\/posts\/25459","targetHints":{"allow":["GET"]}}],"collection":[{"href":"https:\/\/www.area-press.eu\/comunicatistampa\/wp-json\/wp\/v2\/posts"}],"about":[{"href":"https:\/\/www.area-press.eu\/comunicatistampa\/wp-json\/wp\/v2\/types\/post"}],"author":[{"embeddable":true,"href":"https:\/\/www.area-press.eu\/comunicatistampa\/wp-json\/wp\/v2\/users\/3540"}],"replies":[{"embeddable":true,"href":"https:\/\/www.area-press.eu\/comunicatistampa\/wp-json\/wp\/v2\/comments?post=25459"}],"version-history":[{"count":1,"href":"https:\/\/www.area-press.eu\/comunicatistampa\/wp-json\/wp\/v2\/posts\/25459\/revisions"}],"predecessor-version":[{"id":25460,"href":"https:\/\/www.area-press.eu\/comunicatistampa\/wp-json\/wp\/v2\/posts\/25459\/revisions\/25460"}],"wp:attachment":[{"href":"https:\/\/www.area-press.eu\/comunicatistampa\/wp-json\/wp\/v2\/media?parent=25459"}],"wp:term":[{"taxonomy":"category","embeddable":true,"href":"https:\/\/www.area-press.eu\/comunicatistampa\/wp-json\/wp\/v2\/categories?post=25459"},{"taxonomy":"post_tag","embeddable":true,"href":"https:\/\/www.area-press.eu\/comunicatistampa\/wp-json\/wp\/v2\/tags?post=25459"}],"curies":[{"name":"wp","href":"https:\/\/api.w.org\/{rel}","templated":true}]}}