{"id":25183,"date":"2017-10-11T04:23:31","date_gmt":"2017-10-11T02:23:31","guid":{"rendered":"http:\/\/www.area-press.eu\/comunicatistampa\/?p=25183"},"modified":"2017-10-11T04:23:31","modified_gmt":"2017-10-11T02:23:31","slug":"presentazione-del-libro-io-sono-arte-di-emanuela-scuccato-edizioni-del-gattaccio-milano-presso-la-galleria-berga-vicenza","status":"publish","type":"post","link":"https:\/\/www.area-press.eu\/comunicatistampa\/2017\/10\/11\/presentazione-del-libro-io-sono-arte-di-emanuela-scuccato-edizioni-del-gattaccio-milano-presso-la-galleria-berga-vicenza\/","title":{"rendered":"Presentazione del libro \u201cIO SONO. Arte\u201d di Emanuela Scuccato (Edizioni del Gattaccio, Milano) presso la Galleria Berga (Vicenza)"},"content":{"rendered":"<p><strong>La serata di presentazione avr\u00e0 luogo gioved\u00ec 12 ottobre alle ore 18:30 e sar\u00e0 accompagnata dal vernissage di una mostra collettiva delle artiste Elvezia Allari, Pietrina Atzori, Monica Gorza, Patrizia Polese e Francesca Porro, protagoniste del racconto di Emanuela Scuccato.<\/strong><\/p>\n<p>Le parole di una giornalista appassionata di arte contemporanea, a difesa delle cosiddette \u201carti minori\u201d, ovvero quelle arti che vedono impiegati materiali come metalli, ceramiche, tessuti \u2026 in contrapposizione alle \u201cmaggiori\u201d.<\/p>\n<p>E se invece uscissimo da questi schemi valutando che l\u2019arte contemporanea si esprima ormai ben oltre queste barriere di materiali o modi d\u2019uso? E, anzi, considerassimo il saper lavorare un materiale una risorsa, un valore artistico aggiunto?<\/p>\n<p>\u00c8 sulla base di questa convinzione che si \u00e8 scelto di addentrarci, attraverso le pagine del testo di Emanuela Scuccato, nel mondo della tessitura, del filo, dell&#8217;intreccio. Il lavoro delle cinque artiste, Elvezia Allari, Pietrina Atzori, Monica Gorza, Patrizia Polese, Francesca Porro, che si presenta in modo molto intimo attraverso il dialogo con la scrittrice, viene riproposto dal vivo in galleria alla presenza fisica delle cinque protagoniste e delle loro opere allestite intorno al tema del corpo.<\/p>\n<p><em>Ti dico subito, caro Lettore, quello che non troverai nelle pagine che seguono: una definizione dell\u2019arte. Quello che ci troverai invece, almeno me lo auguro, sono delle indicazioni per cominciare a esplorare un territorio vivo e purtroppo, ti avverto, pieno di trabocchetti.<\/em><\/p>\n<p>(E. Scuccato, \u201cIO SONO. Arte\u201d).<\/p>\n<p>Un percorso espositivo inusuale, che identifichi pienamente il lavoro di ciascuna artista, muovendosi tra installazioni, performances e foto-tessuto, quale risultato di una ricerca personale sul s\u00e9 e sul corpo che si mostra al mondo.<\/p>\n<p>La fierezza di ogni protagonista di sentirsi donna e di veicolare arte, attraverso passaggi di vita non sempre lineari, minati spesso da quei \u201ctrabocchetti\u201d di cui scrive Emanuela Scuccato.<\/p>\n<p><strong>Parteciperanno alla serata l&#8217;autrice Emanuela Scuccato, le artiste Elvezia Allari, Pietrina Atzori, Monica Gorza, Patrizia Polese, Francesca Porro, e la redattrice responsabile del progetto Federica Tosadori.<\/strong><strong><br \/>\n<\/strong><\/p>\n<p><strong>Il libro \u00e8 edito dalla casa editrice Edizioni del Gattaccio, Milano (<\/strong><a href=\"http:\/\/www.edizionidelgattaccio.it\/\">www.edizionidelgattaccio.it<\/a><strong>) e l\u2019evento \u00e8 a cura di Elisa Schiesari.<br \/>\n<\/strong><strong><br \/>\nLink a \u201cIO SONO. Arte\u201d: <\/strong><a href=\"http:\/\/edizionidelgattaccio.it\/le-collane\/io-sono\/\"><strong>http:\/\/edizionidelgattaccio.it\/le-collane\/io-sono\/<\/strong><\/a><\/p>\n<p><strong>La mostra sar\u00e0 aperta al pubblico dal 12 ottobre al 19 ottobre, dal marted\u00ec al sabato, con i seguenti orari: 16:00-19:30, e su appuntamento chiamando il 3473850527.<\/strong><\/p>\n","protected":false},"excerpt":{"rendered":"<p>La serata di presentazione avr\u00e0 luogo gioved\u00ec 12 ottobre alle ore 18:30 e sar\u00e0 accompagnata dal vernissage di una mostra collettiva delle artiste Elvezia Allari, Pietrina Atzori, Monica Gorza, Patrizia Polese e Francesca Porro, protagoniste del racconto di Emanuela Scuccato. Le parole di una giornalista appassionata di arte contemporanea, a difesa delle cosiddette \u201carti minori\u201d, [&hellip;]<\/p>\n","protected":false},"author":167,"featured_media":0,"comment_status":"open","ping_status":"open","sticky":false,"template":"","format":"standard","meta":{"footnotes":""},"categories":[29],"tags":[],"class_list":["post-25183","post","type-post","status-publish","format-standard","hentry","category-comunicati"],"_links":{"self":[{"href":"https:\/\/www.area-press.eu\/comunicatistampa\/wp-json\/wp\/v2\/posts\/25183","targetHints":{"allow":["GET"]}}],"collection":[{"href":"https:\/\/www.area-press.eu\/comunicatistampa\/wp-json\/wp\/v2\/posts"}],"about":[{"href":"https:\/\/www.area-press.eu\/comunicatistampa\/wp-json\/wp\/v2\/types\/post"}],"author":[{"embeddable":true,"href":"https:\/\/www.area-press.eu\/comunicatistampa\/wp-json\/wp\/v2\/users\/167"}],"replies":[{"embeddable":true,"href":"https:\/\/www.area-press.eu\/comunicatistampa\/wp-json\/wp\/v2\/comments?post=25183"}],"version-history":[{"count":1,"href":"https:\/\/www.area-press.eu\/comunicatistampa\/wp-json\/wp\/v2\/posts\/25183\/revisions"}],"predecessor-version":[{"id":25184,"href":"https:\/\/www.area-press.eu\/comunicatistampa\/wp-json\/wp\/v2\/posts\/25183\/revisions\/25184"}],"wp:attachment":[{"href":"https:\/\/www.area-press.eu\/comunicatistampa\/wp-json\/wp\/v2\/media?parent=25183"}],"wp:term":[{"taxonomy":"category","embeddable":true,"href":"https:\/\/www.area-press.eu\/comunicatistampa\/wp-json\/wp\/v2\/categories?post=25183"},{"taxonomy":"post_tag","embeddable":true,"href":"https:\/\/www.area-press.eu\/comunicatistampa\/wp-json\/wp\/v2\/tags?post=25183"}],"curies":[{"name":"wp","href":"https:\/\/api.w.org\/{rel}","templated":true}]}}