{"id":25129,"date":"2017-10-11T04:19:13","date_gmt":"2017-10-11T02:19:13","guid":{"rendered":"http:\/\/www.area-press.eu\/comunicatistampa\/?p=25129"},"modified":"2017-10-11T04:19:13","modified_gmt":"2017-10-11T02:19:13","slug":"rai-vita-in-diretta-andrea-vianello-nel-pomeriggio-rai-si-affaccia-lattualita","status":"publish","type":"post","link":"https:\/\/www.area-press.eu\/comunicatistampa\/2017\/10\/11\/rai-vita-in-diretta-andrea-vianello-nel-pomeriggio-rai-si-affaccia-lattualita\/","title":{"rendered":"RAI \u201cVita in diretta\u201d Andrea Vianello, nel pomeriggio RAI si affaccia l\u2019attualit\u00e0"},"content":{"rendered":"<p><em>Di Antonio Dipollina<\/em><\/p>\n<p><em>Il POMERIGGIO di Rai 1 sta soprattutto nella rinnovata Vita In diretta: nuova gestione, di Andrea Vianello, e in conduzione accanto a Marco Liorni c\u2019\u00e8 Francesca Fialdini.<\/em><\/p>\n<figure class=\"tmblr-full\"><img loading=\"lazy\" decoding=\"async\" src=\"https:\/\/78.media.tumblr.com\/a2b5a7992f757b0cade20622b5dae5d6\/tumblr_inline_oxem77rmzl1um6t4y_400.jpg\" width=\"300\" height=\"336\" \/><\/figure>\n<p>Non esattamente una coppia dirompente e aggressiva ma non \u00e8 un problema. O meglio: dall\u2019altra parte c\u2019\u00e8 l\u2019atomica Barbara D\u2019Urso e bisogna farci i conti. S\u00ec, ma perch\u00e9? A quel che si \u00e8 visto in questo avvio di stagione, alla\u00a0<em>Vita in Diretta<\/em>\u00a0si prova a fare attualit\u00e0 leggera e no (e se ci sono emergenze si corre) con un passo degno della RAI: quando sui due schermi da una parte si parla di Giulio Regeni e dall\u2019altra dell\u2019ultima trovata di chirurgia plastica un senso complessivo alla fine c\u2019\u00e8. E mettersi poi a contare i pochi punti percentuali di scarto o a invocare vittorie contro il paradiso dei freaks di Canale 5 \u00e8 contronatura. Dopodich\u00e9 in tv vale tutto, ma attenersi ogni tanto ad antiche e basiche regolette non sarebbe poi male.<\/p>\n<p><strong>Fonte<\/strong>:\u00a0<a href=\"http:\/\/t.umblr.com\/redirect?z=http%3A%2F%2Fwww.repubblica.it%2F&amp;t=ZTI2ZTI4N2Y0YjRlMDFhOTRkOWQzM2VlMmM4NzlhZmM4MTk4Mjc5NixRS0FZQnI4Rw%3D%3D&amp;b=t%3Aqqaa_03gXObPkgr_Jarv2A&amp;p=https%3A%2F%2Fitaliabrandgroup.tumblr.com%2Fpost%2F166109217587%2Fse-nel-pomeriggio-rai-si-affaccia-lattualit%C3%A0&amp;m=1\">La Repubblica<\/a><\/p>\n","protected":false},"excerpt":{"rendered":"<p>Di Antonio Dipollina Il POMERIGGIO di Rai 1 sta soprattutto nella rinnovata Vita In diretta: nuova gestione, di Andrea Vianello, e in conduzione accanto a Marco Liorni c\u2019\u00e8 Francesca Fialdini. Non esattamente una coppia dirompente e aggressiva ma non \u00e8 un problema. O meglio: dall\u2019altra parte c\u2019\u00e8 l\u2019atomica Barbara D\u2019Urso e bisogna farci i conti. [&hellip;]<\/p>\n","protected":false},"author":4354,"featured_media":0,"comment_status":"open","ping_status":"open","sticky":false,"template":"","format":"standard","meta":{"footnotes":""},"categories":[4],"tags":[15957,15958,15959],"class_list":["post-25129","post","type-post","status-publish","format-standard","hentry","category-attualita-e-societa","tag-rai-vita-in-diretta","tag-rai-vita-in-diretta-andrea-vianello","tag-rai-1-vita-in-diretta"],"_links":{"self":[{"href":"https:\/\/www.area-press.eu\/comunicatistampa\/wp-json\/wp\/v2\/posts\/25129","targetHints":{"allow":["GET"]}}],"collection":[{"href":"https:\/\/www.area-press.eu\/comunicatistampa\/wp-json\/wp\/v2\/posts"}],"about":[{"href":"https:\/\/www.area-press.eu\/comunicatistampa\/wp-json\/wp\/v2\/types\/post"}],"author":[{"embeddable":true,"href":"https:\/\/www.area-press.eu\/comunicatistampa\/wp-json\/wp\/v2\/users\/4354"}],"replies":[{"embeddable":true,"href":"https:\/\/www.area-press.eu\/comunicatistampa\/wp-json\/wp\/v2\/comments?post=25129"}],"version-history":[{"count":1,"href":"https:\/\/www.area-press.eu\/comunicatistampa\/wp-json\/wp\/v2\/posts\/25129\/revisions"}],"predecessor-version":[{"id":25130,"href":"https:\/\/www.area-press.eu\/comunicatistampa\/wp-json\/wp\/v2\/posts\/25129\/revisions\/25130"}],"wp:attachment":[{"href":"https:\/\/www.area-press.eu\/comunicatistampa\/wp-json\/wp\/v2\/media?parent=25129"}],"wp:term":[{"taxonomy":"category","embeddable":true,"href":"https:\/\/www.area-press.eu\/comunicatistampa\/wp-json\/wp\/v2\/categories?post=25129"},{"taxonomy":"post_tag","embeddable":true,"href":"https:\/\/www.area-press.eu\/comunicatistampa\/wp-json\/wp\/v2\/tags?post=25129"}],"curies":[{"name":"wp","href":"https:\/\/api.w.org\/{rel}","templated":true}]}}