{"id":24963,"date":"2017-10-08T02:17:57","date_gmt":"2017-10-08T00:17:57","guid":{"rendered":"http:\/\/www.area-press.eu\/comunicatistampa\/?p=24963"},"modified":"2017-10-08T02:17:57","modified_gmt":"2017-10-08T00:17:57","slug":"visioni-estatiche-in-mostra-a-milano-larte-che-suscita-lestasi","status":"publish","type":"post","link":"https:\/\/www.area-press.eu\/comunicatistampa\/2017\/10\/08\/visioni-estatiche-in-mostra-a-milano-larte-che-suscita-lestasi\/","title":{"rendered":"Visioni Estatiche: in mostra a Milano l&#8217;arte che suscita l\u2019estasi"},"content":{"rendered":"<h2><span style=\"color: #000000\"><span style=\"color: #333333\"><span style=\"color: #000000\"><span style=\"color: #333333\">La <strong>Galleria Francesco Zanuso<\/strong>, in<strong>\u00a0<\/strong>Corso di Porta Vigentina 26 a Milano, presenta\u00a0<strong>Visioni Estatiche<\/strong>,\u00a0la collettiva\u00a0a cura di Andrea Zucchi e Franco Luppis. L&#8217;inaugurazione si terr\u00e0 <\/span><\/span><\/span><\/span><span style=\"color: #333333\">M<\/span><span style=\"color: #000000\">ercoled\u00ec 11 ottobre 2017<\/span><span style=\"color: #333333\">\u00a0alle <\/span><span style=\"color: #000000\">ore 18.<\/span><span style=\"color: #333333\">\u00a0<\/span><\/h2>\n<hr \/>\n<blockquote><p><span style=\"color: #333333\">\u201cLa grande arte \u00e8 fatta per suscitare, creare l\u2019estasi.<\/span><br \/>\n<span style=\"color: #333333\">Pi\u00f9 fine la qualit\u00e0 di questa estasi, pi\u00f9 fine l\u2019arte.<\/span><br \/>\n<span style=\"color: #333333\">Solo l\u2019arte minore si contenta del piacevole.\u201d \u2014 Ezra Pound<\/span><\/p>\n<hr \/>\n<\/blockquote>\n<p><span style=\"color: #333333\">In mostra ci saranno le opere di:<\/span>\u00a0<span style=\"color: #000000\">Pedro A.H. Paix\u00e3o,\u00a0Massimiliano Alioto,\u00a0Dario Arcidiacono,\u00a0Felipe Carde\u00f1a,\u00a0Marco Cingolani,\u00a0Alberto Di Fabio,\u00a0Leonida De Filippi,\u00a0Gillo Dorfles,\u00a0Tamara Ferioli,\u00a0Jacopo Foggini,\u00a0Giovanni Frangi,\u00a0Svitlana Grebenyuk,\u00a0Matteo Guarnaccia,\u00a0Marc Vincent Kalinka,\u00a0Massimo Kaufmann,\u00a0Franco Luppis,\u00a0Paolo Manazza,\u00a0Alessandro Mendini,\u00a0Fulvia Mendini,\u00a0Moebius,\u00a0Matteo Montani,\u00a0Anna Muzi Falconi,\u00a0Marco Petrus,\u00a0Francesco Polenghi,\u00a0Marzio Rusconi Clerici,\u00a0Fabio Volpi (Dies_),\u00a0Andrea Zucchi e\u00a0Cino Zucchi.<\/span><\/p>\n<hr \/>\n<p><span style=\"color: #333333\">VISIONI ESTATICHE<\/span><br \/>\n<span style=\"color: #333333\">L\u2019Estasi, dal greco ex-stasis, uscir fuori di s\u00e9, \u00e8 un esperienza della psiche umana, forse rara, ma di cui si trova ampia testimonianza in quasi tutte le culture del mondo, dai riti dionisiaci ai Santi padri del deserto, dagli asceti indiani ai<\/span> <span style=\"color: #333333\">dervisci danzanti, dai viaggi sciamanici alla psiconautica contemporanea.<\/span><br \/>\n<span style=\"color: #333333\">In questo stato di coscienza il senso dell\u2019io si dissolve in qualcosa di pi\u00f9 grande, se non di immenso; la Natura, il Cosmo o Dio. \u00c8 un\u2019esperienza di disgregazione e di espansione che non pu\u00f2 essere comunicata con il linguaggio ordinario. Talvolta pu\u00f2 impregnare la prosa spesso oscura e metaforica dei mistici, ma \u00e8 solo nell\u2019arte, nella poesia, nella musica o nella danza che il senso di fusione con il Tutto pu\u00f2 in qualche modo riverberarsi in una forma di linguaggio pi\u00f9 piena e compiuta. In un\u2019opera d\u2019Arte, i molteplici elementi che la compongono vengono percepiti all\u2019interno di una struttura unitaria, che \u00e8 l\u2019opera stessa.<\/span><br \/>\n<span style=\"color: #333333\">Cogliere, o meglio contemplare, questa unificazione del molteplice, pu\u00f2 suscitare nello spettatore una intensa emozione estetica.<\/span><br \/>\n<span style=\"color: #333333\">E l\u2019Estetica pu\u00f2 divenire cos\u00ec un portale per l\u2019Estatico.<\/span><br \/>\n<span style=\"color: #333333\">A questo tema verr\u00e0 dedicata una gioiosa mostra collettiva VISIONI ESTATICHE, a cura di Andrea Zucchi e Franco Luppis, che si terr\u00e0 dall\u201911 al 26 ottobre presso la Galleria Francesco Zanuso in Corso di Porta Vigentina 26 a Milano.<\/span><br \/>\n<span style=\"color: #333333\">Gli artisti invitati a partecipare pur provenendo da ambiti diversi, anche generazionali, sono accumunati secondo i curatori, da una ricerca spirituale autentica ed originaria in sintonia con gli strati profondi della loro anima. E che nella maggior parte dei casi sono approdati a un linguaggio figurativo molto rarefatto o esplicitamente astratto.<\/span><br \/>\n<span style=\"color: #333333\">A latere della mostra, Franco Luppis, proporr\u00e0 di fondare il Circolo Psichedelico Milanese, una psichedelia 2.0 che superi gli aspetti pi\u00f9 distruttivi e tossici degli anni 60, per ricercare un approcio laico e libertario all\u2019esperienza dell\u2019estasi, sulla scorta del libro \u201cLa Mente Estatica\u201d di Elvio Facchinelli.<\/span><\/p>\n<hr \/>\n<p><em>L&#8217;esposizione si potr\u00e0 visitare fino a gioved\u00ec\u00a0\u00a0<strong>26 ottobre<\/strong><b>,<\/b>\u00a0da luned\u00ec a venerd\u00ec fra le 15:00 e le 19:00.\u00a0 Sabato le visite potranno essere effetuate solo su prenotazione telefonando al numero 3356379291 o mandando una mail a francesco.zanuso@gmail.com<\/em><\/p>\n<hr \/>\n<p>catalogo in galleria<\/p>\n<hr \/>\n<p><a href=\"https:\/\/www.galleriafrancescozanuso.com\/\">galleriafrancescozanuso.com<\/a><\/p>\n<p><a href=\"https:\/\/www.facebook.com\/events\/929587500512694\/?acontext=%7B%22ref%22%3A%22106%22%2C%22action_history%22%3A%22null%22%7D\">evento facebook<\/a><\/p>\n","protected":false},"excerpt":{"rendered":"<p>La Galleria Francesco Zanuso a Milano, mercoled\u00ec 11 ottobre alle ore 18 inaugurer\u00e0 la collettiva\u00a0&#8220;Visioni Estatiche&#8221;, la mostra sull&#8217;arte che suscita l\u2019estasi.<\/p>\n","protected":false},"author":3586,"featured_media":0,"comment_status":"open","ping_status":"open","sticky":false,"template":"","format":"standard","meta":{"footnotes":""},"categories":[3,29,8],"tags":[6818,25,3702,809,15898,1621,688,9164],"class_list":["post-24963","post","type-post","status-publish","format-standard","hentry","category-arte-e-cultura","category-comunicati","category-eventi","tag-estetica","tag-arte","tag-comunicazione","tag-design","tag-estatiche","tag-eventi","tag-milano","tag-visioni"],"_links":{"self":[{"href":"https:\/\/www.area-press.eu\/comunicatistampa\/wp-json\/wp\/v2\/posts\/24963","targetHints":{"allow":["GET"]}}],"collection":[{"href":"https:\/\/www.area-press.eu\/comunicatistampa\/wp-json\/wp\/v2\/posts"}],"about":[{"href":"https:\/\/www.area-press.eu\/comunicatistampa\/wp-json\/wp\/v2\/types\/post"}],"author":[{"embeddable":true,"href":"https:\/\/www.area-press.eu\/comunicatistampa\/wp-json\/wp\/v2\/users\/3586"}],"replies":[{"embeddable":true,"href":"https:\/\/www.area-press.eu\/comunicatistampa\/wp-json\/wp\/v2\/comments?post=24963"}],"version-history":[{"count":6,"href":"https:\/\/www.area-press.eu\/comunicatistampa\/wp-json\/wp\/v2\/posts\/24963\/revisions"}],"predecessor-version":[{"id":24969,"href":"https:\/\/www.area-press.eu\/comunicatistampa\/wp-json\/wp\/v2\/posts\/24963\/revisions\/24969"}],"wp:attachment":[{"href":"https:\/\/www.area-press.eu\/comunicatistampa\/wp-json\/wp\/v2\/media?parent=24963"}],"wp:term":[{"taxonomy":"category","embeddable":true,"href":"https:\/\/www.area-press.eu\/comunicatistampa\/wp-json\/wp\/v2\/categories?post=24963"},{"taxonomy":"post_tag","embeddable":true,"href":"https:\/\/www.area-press.eu\/comunicatistampa\/wp-json\/wp\/v2\/tags?post=24963"}],"curies":[{"name":"wp","href":"https:\/\/api.w.org\/{rel}","templated":true}]}}