{"id":24955,"date":"2017-10-08T02:17:56","date_gmt":"2017-10-08T00:17:56","guid":{"rendered":"http:\/\/www.area-press.eu\/comunicatistampa\/?p=24955"},"modified":"2017-10-08T02:17:56","modified_gmt":"2017-10-08T00:17:56","slug":"il-rapporto-fra-smart-city-ed-economia-circolare-al-centro-del-terzo-incontro-del-gruppo-di-supporto-locale-del-progetto-europeo-cesme","status":"publish","type":"post","link":"https:\/\/www.area-press.eu\/comunicatistampa\/2017\/10\/08\/il-rapporto-fra-smart-city-ed-economia-circolare-al-centro-del-terzo-incontro-del-gruppo-di-supporto-locale-del-progetto-europeo-cesme\/","title":{"rendered":"Il rapporto fra Smart City ed Economia Circolare al centro del terzo incontro del Gruppo di Supporto Locale del progetto europeo CESME"},"content":{"rendered":"<p>Edifici sostenibili, produzioni ad impatto ambientale zero, acquisti verdi: sono solo alcuni dei temi trattati dalla cosiddetta \u201cEconomia Circolare\u201d, il sistema economico innovativo che ha come obiettivo quello di auto-rigenerarsi. In una societ\u00e0 in continua trasformazione e interconnessione fra i suoi attori, l\u2019economia circolare influenza non solo le imprese, ma anche la vita delle citt\u00e0, sempre pi\u00f9 intelligenti e digitali, per dirla con un termine inglese, sempre pi\u00f9 \u201csmart\u201d.<\/p>\n<p>Come ogni sistema economico con forte impatto sulla societ\u00e0, l\u2019economia circolare \u00e8 al tempo stesso una opportunit\u00e0 e un investimento sul futuro che promette di essere vincente in termini di benefici sociali ed economici, per cittadini, istituzioni e aziende.<\/p>\n<p>Su queste premesse, si \u00e8 svolto marted\u00ec 26 settembre il terzo incontro del \u201cLocal Support Group\u201d del progetto europeo <em>CESME \u2013 Circular Economy for SMEs<\/em>, a Palazzo Malvezzi, sede della Citt\u00e0 Metropolitana di Bologna. Hanno aperto i lavori proprio i saluti della Citt\u00e0 Metropolitana di Bologna, partner del progetto, con il Capo di Gabinetto, Giuseppe De Biasi, e Marino Cavallo, responsabile dell\u2019Ufficio Ricerca, Innovazione e Gestione dei progetti europei. Per l\u2019occasione, entrambi hanno ricordato come proprio a Bologna, lo scorso giugno, sia stata presentata e sottoscritta la \u201cCarta di Bologna per l\u2019Ambiente\u201d, un impegno congiunto e concreto assunto dai vari Sindaci Metropolitani per perseguire obiettivi di sviluppo sostenibile in ben 8 macro-aree di interesse ambientale.<\/p>\n<p>\u00c8 stata poi la volta di Enrico Cancila, Responsabile dell\u2019Unit\u00e0 sviluppo sostenibile dell\u2019Agenzia di sviluppo regionale ERVET, moderatore della giornata, che ha posto l\u2019accento sull\u2019economia circolare nella pianificazione delle Smart City. Oggi l\u2019applicazione dell\u2019economia circolare nella filiera dell\u2019edilizia \u00e8 fondamentale. Secondo uno studio della Ellen MacArthur Foundation, leve importanti di circolarit\u00e0 sono la produzione industriale con stampaggio 3D, il risparmio energetico degli edifici, gli spazi residenziali condivisi, il lavoro da casa, la maggiore durata degli edifici, la diminuzione del consumo elettrico urbano. L\u2019edilizia si sta gi\u00e0 muovendo in un\u2019ottica green. Ad esempio, su 30 progetti europei presentati in tema di edilizia sull\u2019asse 4, ben 28 sono green. Altro tema di rilievo, in tal senso, \u00e8 quello del Green Public Procurement: per promuovere ed aggiudicarsi bandi di gara pubblici \u00e8 ormai obbligatorio il rispetto di determinati Criteri Ambientali Minimi (CAM) ed il possesso di certificazioni eco-sostenibili ufficialmente riconosciute.<\/p>\n<p>Per Marco Dell\u2019Aglio, dello Studio Mario Cucinella, il cambiamento in edilizia \u00e8 gi\u00e0 in atto. Entro il 2030 verranno costruiti nel mondo altri 73 miliardi di metri cubi di edifici e un approccio innovativo, in termini di sostenibilit\u00e0, sar\u00e0 indispensabile. I nuovi progetti, di cui ha portato esempi nazionali ed internazionali, dovranno, infatti, essere sostenibili dal punto di vista non solo energetico, ma anche estetico e sociale.<\/p>\n<p>Le citt\u00e0 hanno bisogno di essere riprogettate in chiave economico-circolare. Cos\u00ec Francesca Poli, consulente del Consorzio Attivit\u00e0 Produttive Aree e Servizi di Modena, ha portato esempi di riutilizzo delle risorse naturali per la progettazione degli spazi urbani, come la Watersquare di Rotterdam.<\/p>\n<p>Anche i prodotti utilizzati dalle imprese possono avere le caratteristiche di sostenibilit\u00e0. Erika Preti, di Edilteco Spa, ha presentato i prodotti della sua azienda con caratteristiche di sostenibilit\u00e0 ambientale, come ad esempio Gum Gum Spray, il fonoimpedente in granuli di gomma premiscelati, da spruzzare in opera.<\/p>\n<p>Marcello Capucci, responsabile Dirigente del Servizio Qualit\u00e0 Urbana e Politiche Abitative Regione Emilia-Romagna, si \u00e8 soffermato sulla pianificazione territoriale e sulla necessit\u00e0 di fare sintesi fra le varie mode del momento. La storia delle citt\u00e0 insegna che molti spazi pubblici sono stati portati nella sfera privata dei cittadini. L\u2019aspetto \u201csmart\u201d di una citt\u00e0 pu\u00f2 essere colto avendo la capacit\u00e0 di sganciarsi da alcuni modelli precostituiti per provare a lavorare incentivando molte azioni piccole, piuttosto che poche grandi opere.<\/p>\n<p>All\u2019interno della sessione dedicata ai finanziamenti per le imprese \u00e8 intervenuto Paolo Piras, direzione operativa del circuito Liberex, spiegando come la piattaforma permetta alle imprese di finanziarsi a tasso zero e di ottenere prodotti e servizi, anche \u201cgreen\u201d. La leva fondamentale per il finanziamento delle imprese non \u00e8 l\u2019accumulo di fatturato, bens\u00ec la velocit\u00e0 di circolazione del denaro. Rappresentanti della Regione Emilia-Romagna hanno poi presentato alcuni bandi di finanziamento per le PMI, finalizzati in particolare alla ri-caratterizzazione dei prodotti in chiave sostenibile e alla riqualificazione degli edifici pubblici.<\/p>\n<p>Quando si parla di sostenibilit\u00e0, soprattutto nelle gare d\u2019appalto, ha un ruolo chiave la certificazione. Sul tema \u00e8 intervenuto Francesco Testa della Scuola Superiore Sant\u2019Anna di Pisa, parlando della semplificazione e dei sistemi premianti nell\u2019economia circolare, e focalizzandosi sull\u2019importante impatto ambientale degli acquisti pubblici verdi e delle certificazioni come EMAS. Il Sistema comunitario di ecogestione e audit delle imprese \u00e8, secondo Testa, uno strumento in grado di \u201ccontribuire alla riduzione dell\u2019impatto ambientale e di favorire il miglioramento costante dell\u2019efficienza ambientale delle organizzazioni\u201d.<\/p>\n","protected":false},"excerpt":{"rendered":"<p>Edifici sostenibili, produzioni ad impatto ambientale zero, acquisti verdi: sono solo alcuni dei temi trattati dalla cosiddetta \u201cEconomia Circolare\u201d, il sistema economico innovativo che ha come obiettivo quello di auto-rigenerarsi. In una societ\u00e0 in continua trasformazione e interconnessione fra i suoi attori, l\u2019economia circolare influenza non solo le imprese, ma anche la vita delle citt\u00e0, [&hellip;]<\/p>\n","protected":false},"author":4089,"featured_media":0,"comment_status":"open","ping_status":"open","sticky":false,"template":"","format":"standard","meta":{"footnotes":""},"categories":[29],"tags":[],"class_list":["post-24955","post","type-post","status-publish","format-standard","hentry","category-comunicati"],"_links":{"self":[{"href":"https:\/\/www.area-press.eu\/comunicatistampa\/wp-json\/wp\/v2\/posts\/24955","targetHints":{"allow":["GET"]}}],"collection":[{"href":"https:\/\/www.area-press.eu\/comunicatistampa\/wp-json\/wp\/v2\/posts"}],"about":[{"href":"https:\/\/www.area-press.eu\/comunicatistampa\/wp-json\/wp\/v2\/types\/post"}],"author":[{"embeddable":true,"href":"https:\/\/www.area-press.eu\/comunicatistampa\/wp-json\/wp\/v2\/users\/4089"}],"replies":[{"embeddable":true,"href":"https:\/\/www.area-press.eu\/comunicatistampa\/wp-json\/wp\/v2\/comments?post=24955"}],"version-history":[{"count":1,"href":"https:\/\/www.area-press.eu\/comunicatistampa\/wp-json\/wp\/v2\/posts\/24955\/revisions"}],"predecessor-version":[{"id":24956,"href":"https:\/\/www.area-press.eu\/comunicatistampa\/wp-json\/wp\/v2\/posts\/24955\/revisions\/24956"}],"wp:attachment":[{"href":"https:\/\/www.area-press.eu\/comunicatistampa\/wp-json\/wp\/v2\/media?parent=24955"}],"wp:term":[{"taxonomy":"category","embeddable":true,"href":"https:\/\/www.area-press.eu\/comunicatistampa\/wp-json\/wp\/v2\/categories?post=24955"},{"taxonomy":"post_tag","embeddable":true,"href":"https:\/\/www.area-press.eu\/comunicatistampa\/wp-json\/wp\/v2\/tags?post=24955"}],"curies":[{"name":"wp","href":"https:\/\/api.w.org\/{rel}","templated":true}]}}