{"id":24899,"date":"2017-10-03T21:39:34","date_gmt":"2017-10-03T19:39:34","guid":{"rendered":"http:\/\/www.area-press.eu\/comunicatistampa\/?p=24899"},"modified":"2017-10-03T21:39:34","modified_gmt":"2017-10-03T19:39:34","slug":"in-uscita-per-leucotea-project-ovunque-sei-il-secondo-capitolo-delle-indagini-della-giornalista-brianzola-nata-dalla-penna-di-daniela-quadri","status":"publish","type":"post","link":"https:\/\/www.area-press.eu\/comunicatistampa\/2017\/10\/03\/in-uscita-per-leucotea-project-ovunque-sei-il-secondo-capitolo-delle-indagini-della-giornalista-brianzola-nata-dalla-penna-di-daniela-quadri\/","title":{"rendered":"In uscita per Leucotea Project \u201cOvunque sei\u201d, il secondo capitolo delle indagini della giornalista brianzola nata dalla penna di Daniela Quadri."},"content":{"rendered":"<h3>Tornano le indagini dell\u2019imprevedibile giornalista Marta Valtorta, accompagnata dal fidanzato Tony (che di lavoro fa davvero il carabiniere!).<\/h3>\n<p>&nbsp;<\/p>\n<p>Marta Valtorta, giornalista free-lance, ci ha preso gusto ad indagare!<\/p>\n<p>Nel seguito di \u201cLe stelle di Srebrenica\u201d Marta e Tony, fidanzato di lei ma anche fonte di preziose informazioni visto il suo lavoro, cercheranno di ritrovare il piccolo Simone, bambino scomparso ormai da tempo.<\/p>\n<p>Vecchi nemici, per\u00f2, renderanno ancora pi\u00f9 complicate l\u2019indagine e vecchie fiamme appariranno per portar scompiglio&#8230;<\/p>\n<p>Riusciranno a risolvere tutto ed avere finalmente il loro lieto fine?<\/p>\n<p>&nbsp;<\/p>\n<p>Un\u2019indagine che accende i riflettori su quello che \u00e8 il mondo della maternit\u00e0 in tutte le sue sfumature, affrontando il tema anche nei suoi risvolti pi\u00f9 spinosi con sensibilit\u00e0 ed intelligenza.<\/p>\n<p>&nbsp;<\/p>\n<p>Daniela Quadri \u00e8 nata e vive a Monza, nel cuore della Brianza.<\/p>\n<p>Laureata in lingue e letterature straniere moderne, lavora nell\u2019ambito del marketing, e i suoi interessi spaziano dalla fotografia, alla pittura tradizionale giapponese.<\/p>\n<p>Scrive, perch\u00e9 non potrebbe fare altrimenti, e le sue storie al femminile, gi\u00e0 pi\u00f9 volte premiate, raccontano un universo complesso, forte e delicato, sempre coinvolgente.<\/p>\n<p>Nel 2015 ha pubblicato il suo romanzo di esordio \u201cLe stelle di Srebrenica\u201d con Leucotea Project.<\/p>\n<p>&nbsp;<\/p>\n<p>www.edizionileucotea.it<\/p>\n<p>&nbsp;<\/p>\n","protected":false},"excerpt":{"rendered":"<p>Tornano le indagini dell\u2019imprevedibile giornalista Marta Valtorta, accompagnata dal fidanzato Tony (che di lavoro fa davvero il carabiniere!). &nbsp; Marta Valtorta, giornalista free-lance, ci ha preso gusto ad indagare! Nel seguito di \u201cLe stelle di Srebrenica\u201d Marta e Tony, fidanzato di lei ma anche fonte di preziose informazioni visto il suo lavoro, cercheranno di ritrovare [&hellip;]<\/p>\n","protected":false},"author":45,"featured_media":0,"comment_status":"open","ping_status":"open","sticky":false,"template":"","format":"standard","meta":{"footnotes":""},"categories":[3,29],"tags":[11982,2691,83,579,8345,11045,15867,15868,575,11558,11557],"class_list":["post-24899","post","type-post","status-publish","format-standard","hentry","category-arte-e-cultura","category-comunicati","tag-brianza","tag-daniela-quadri","tag-ecommerce","tag-edizioni-leucotea","tag-giornalista","tag-indagine","tag-marta-valtorta","tag-ovunque-sei","tag-romanzo","tag-romanzo-giallo","tag-romanzo-rosa"],"_links":{"self":[{"href":"https:\/\/www.area-press.eu\/comunicatistampa\/wp-json\/wp\/v2\/posts\/24899","targetHints":{"allow":["GET"]}}],"collection":[{"href":"https:\/\/www.area-press.eu\/comunicatistampa\/wp-json\/wp\/v2\/posts"}],"about":[{"href":"https:\/\/www.area-press.eu\/comunicatistampa\/wp-json\/wp\/v2\/types\/post"}],"author":[{"embeddable":true,"href":"https:\/\/www.area-press.eu\/comunicatistampa\/wp-json\/wp\/v2\/users\/45"}],"replies":[{"embeddable":true,"href":"https:\/\/www.area-press.eu\/comunicatistampa\/wp-json\/wp\/v2\/comments?post=24899"}],"version-history":[{"count":1,"href":"https:\/\/www.area-press.eu\/comunicatistampa\/wp-json\/wp\/v2\/posts\/24899\/revisions"}],"predecessor-version":[{"id":24901,"href":"https:\/\/www.area-press.eu\/comunicatistampa\/wp-json\/wp\/v2\/posts\/24899\/revisions\/24901"}],"wp:attachment":[{"href":"https:\/\/www.area-press.eu\/comunicatistampa\/wp-json\/wp\/v2\/media?parent=24899"}],"wp:term":[{"taxonomy":"category","embeddable":true,"href":"https:\/\/www.area-press.eu\/comunicatistampa\/wp-json\/wp\/v2\/categories?post=24899"},{"taxonomy":"post_tag","embeddable":true,"href":"https:\/\/www.area-press.eu\/comunicatistampa\/wp-json\/wp\/v2\/tags?post=24899"}],"curies":[{"name":"wp","href":"https:\/\/api.w.org\/{rel}","templated":true}]}}