{"id":24690,"date":"2017-09-28T20:47:21","date_gmt":"2017-09-28T18:47:21","guid":{"rendered":"http:\/\/www.area-press.eu\/comunicatistampa\/?p=24690"},"modified":"2017-09-28T20:47:21","modified_gmt":"2017-09-28T18:47:21","slug":"gruppo-hit-il-ritorno-dei-nomadi-a-nova-gorica","status":"publish","type":"post","link":"https:\/\/www.area-press.eu\/comunicatistampa\/2017\/09\/28\/gruppo-hit-il-ritorno-dei-nomadi-a-nova-gorica\/","title":{"rendered":"Gruppo Hit, il ritorno dei Nomadi a Nova Gorica"},"content":{"rendered":"<p>Nova Gorica, 28 settembre 2017 &#8211; Il <strong>Park Casin\u00f2 &amp; Hotel <\/strong>\u00e8 pronto ad ospitare la <strong>band pi\u00f9 longeva d\u2019Italia<\/strong>: a poco meno di un anno dal trionfale live show al Perla, <strong>i Nomadi tornano a Nova Gorica<\/strong>, per un concerto dal forte sapore di nostalgia in programma domani, <strong>venerd\u00ec 29 settembre alle 22.00<\/strong>.<\/p>\n<p>Da <strong>54 anni<\/strong> il gruppo fondato dal tastierista <strong>Beppe Carletti<\/strong> e dal cantante <strong>Augusto Daolio<\/strong> emoziona e fa riflettere intere generazioni. Una carriera costellata di importanti collaborazioni, partecipazioni televisive e iniziative umanitarie, racchiusa in numeri da capogiro: <strong>terza band italiana di sempre per vendite<\/strong>, i Nomadi hanno prodotto <strong>79 album<\/strong> vendendo <strong>15 milioni di dischi<\/strong>.<\/p>\n<p>Un\u2019avventura iniziata negli anni \u201860, quando il gruppo si afferm\u00f2 sul panorama musicale nazionale facendo di <strong>denuncia e impegno sociale<\/strong> i propri cavalli di battaglia: brani come <strong>\u201cNoi non ci saremo\u201d<\/strong> e <strong>\u201cDio \u00e8 morto\u201d<\/strong>, nati dalla collaborazione con Francesco Guccini, diventarono fonte d\u2019ispirazione per milioni di giovani nell\u2019epoca della <strong>contestazione universitaria<\/strong>. <strong>Nel 1972 la consacrazione con \u201cIo Vagabondo\u201d<\/strong>, canzone diventata simbolo della band nonch\u00e9 uno dei titoli pi\u00f9 noti della musica italiana nel mondo. Un brano che incarna pienamente lo stile di vita di questi artisti sempre in viaggio, impegnati in un <strong>tour quasi permanente<\/strong>: una media di 130 concerti l\u2019anno, 220 negli anni \u201980!<\/p>\n<p>Una quota mantenuta nel decennio successivo con il<strong> \u201cNomadincontro \u2013 Tributo ad Augusto\u201d<\/strong>, una tourn\u00e9e nelle piazze del Paese, dedicata al fondatore e ispiratore della band, che da 25 anni accompagna le tante iniziative umanitarie del gruppo. Recentemente i Nomadi hanno festeggiato il<strong> 50esimo anniversario di carriera <\/strong>progettando nuove creazioni:<strong> nel 2014 \u00e8 stato pubblicato \u201c50+1\u201d<\/strong>, il cd celebrativo contenente 32 brani storici interamente rivisitati e 2 inediti, seguito dal singolo <strong>\u201cCos\u00ec sia\u201d<\/strong> e dal <strong>doppio album \u201cCos\u00ec sia \u2013 XXIV Tributo ad Augusto\u201d<\/strong> usciti nel 2016. Canzoni che raccolgono ancora e pi\u00f9 che mai l\u2019affetto del <strong>milione di spettatori<\/strong>, cittadini dell\u2019immenso <strong>\u201cpopolo nomade\u201d<\/strong>, presente ogni anno ai concerti della band.<\/p>\n<p>Una dedizione che nemmeno le diverse sostituzioni all\u2019interno del gruppo hanno potuto intaccare: i Nomadi sono sempre riusciti a rinnovarsi e trarre linfa musicale da ogni componente. Non fa eccezione l\u2019<strong>ultima new entry<\/strong>, <strong>Yuri Cilloni<\/strong>, voce ufficiale della band dal marzo scorso, che porter\u00e0 al Park una ventata di modernit\u00e0, reinterpretando i successi intramontabili \u2013 tra cui <strong>\u201cUn pugno di sabbia\u201d,\u00a0\u201cUn giorno insieme\u201d, \u201cIo voglio vivere\u201d\u00a0e\u00a0\u201cDove si va\u201d<\/strong> &#8211; che hanno scritto la storia della musica italiana per oltre mezzo secolo. Biglietti a partire da 15 \u20ac.<\/p>\n","protected":false},"excerpt":{"rendered":"<p>Nova Gorica, 28 settembre 2017 &#8211; Il Park Casin\u00f2 &amp; Hotel \u00e8 pronto ad ospitare la band pi\u00f9 longeva d\u2019Italia: a poco meno di un anno dal trionfale live show al Perla, i Nomadi tornano a Nova Gorica, per un concerto dal forte sapore di nostalgia in programma domani, venerd\u00ec 29 settembre alle 22.00. Da [&hellip;]<\/p>\n","protected":false},"author":49,"featured_media":0,"comment_status":"open","ping_status":"open","sticky":false,"template":"","format":"standard","meta":{"footnotes":""},"categories":[12],"tags":[15783,2442],"class_list":["post-24690","post","type-post","status-publish","format-standard","hentry","category-musica","tag-parkcasino","tag-nomadi"],"_links":{"self":[{"href":"https:\/\/www.area-press.eu\/comunicatistampa\/wp-json\/wp\/v2\/posts\/24690","targetHints":{"allow":["GET"]}}],"collection":[{"href":"https:\/\/www.area-press.eu\/comunicatistampa\/wp-json\/wp\/v2\/posts"}],"about":[{"href":"https:\/\/www.area-press.eu\/comunicatistampa\/wp-json\/wp\/v2\/types\/post"}],"author":[{"embeddable":true,"href":"https:\/\/www.area-press.eu\/comunicatistampa\/wp-json\/wp\/v2\/users\/49"}],"replies":[{"embeddable":true,"href":"https:\/\/www.area-press.eu\/comunicatistampa\/wp-json\/wp\/v2\/comments?post=24690"}],"version-history":[{"count":1,"href":"https:\/\/www.area-press.eu\/comunicatistampa\/wp-json\/wp\/v2\/posts\/24690\/revisions"}],"predecessor-version":[{"id":24691,"href":"https:\/\/www.area-press.eu\/comunicatistampa\/wp-json\/wp\/v2\/posts\/24690\/revisions\/24691"}],"wp:attachment":[{"href":"https:\/\/www.area-press.eu\/comunicatistampa\/wp-json\/wp\/v2\/media?parent=24690"}],"wp:term":[{"taxonomy":"category","embeddable":true,"href":"https:\/\/www.area-press.eu\/comunicatistampa\/wp-json\/wp\/v2\/categories?post=24690"},{"taxonomy":"post_tag","embeddable":true,"href":"https:\/\/www.area-press.eu\/comunicatistampa\/wp-json\/wp\/v2\/tags?post=24690"}],"curies":[{"name":"wp","href":"https:\/\/api.w.org\/{rel}","templated":true}]}}