{"id":24538,"date":"2017-09-22T21:09:19","date_gmt":"2017-09-22T19:09:19","guid":{"rendered":"http:\/\/www.area-press.eu\/comunicatistampa\/?p=24538"},"modified":"2017-09-22T21:09:19","modified_gmt":"2017-09-22T19:09:19","slug":"consulthink-s-p-a-vince-il-premio-de-le-fonti-awards","status":"publish","type":"post","link":"https:\/\/www.area-press.eu\/comunicatistampa\/2017\/09\/22\/consulthink-s-p-a-vince-il-premio-de-le-fonti-awards\/","title":{"rendered":"Consulthink S.P.A. vince il premio de \u201cLe Fonti Awards\u201d"},"content":{"rendered":"<p>Il Premio Eccellenza dell\u2019Anno &#8211; Innovazione \u2013 Servizi ICT &amp; Big Data lo scorso 22 giugno, presso il Palazzo Mezzanotte, sede della Borsa di Milano, durante Le Fonti Awards \u00e8 andato a <a href=\"https:\/\/consulthink.it\/\">Consulthink<\/a> S.P.A, \u201cper essere una giovane realt\u00e0 leader nel mercato dei servizi ICT, capace di coniugare competenze tecnologiche ed organizzative nella progettazione e nello sviluppo di soluzioni in ambito Security e Big Data nei settori della Pubblica Amministrazione, delle Utility e degli Operatori Telefonici.<\/p>\n<p>In particolare per essere partner affidabile e punto di riferimento costante per i propri Clienti attraverso la rapidit\u00e0, l\u2019affidabilit\u00e0 e la puntualit\u00e0 dei servizi forniti, investendo con continuit\u00e0 sull\u2019Innovazione tecnologica e in Ricerca e Sviluppo\u201d.<\/p>\n<p>Il Presidente di \u201cLe Fonti\u201d Guido Giommi ha dichiarato come sia fondamentale e necessario l\u2019incoraggiamento a realt\u00e0 come quelle di Consulthink S.P.A, nella societ\u00e0 lavorativa moderna. A sua volta l\u2019Azienda, grata dell\u2019opportunit\u00e0 data, ha assicurato come questo premio raffigurer\u00e0 un tassello importante per il suo miglioramento e innovazione continua.<\/p>\n<p>Le Fonti Awards si posiziona come uno dei premi internazionali IAIR Awards, per questo essere scelti come vincitori, offre il massimo della visibilit\u00e0 istituzionale sia a livello nazionale che internazionale presso la comunit\u00e0 degli investitori.<\/p>\n<p>Consulthink \u00e8 stata valutata insieme a molte altre societ\u00e0 in Italia e nel mondo, sulla base di numerosi parametri qualitativi: le performance di business, la capacit\u00e0 di essere leader di settore, la capacit\u00e0 di anticipare le esigenze dei clienti, la capacit\u00e0 di esportare il proprio business all\u2019estero, la qualit\u00e0 dei servizi, la sostenibilit\u00e0 sociale ed ambientale delle attivit\u00e0, la capacit\u00e0 di essere sempre innovativi nel proprio settore, l\u2019investimento nella formazione professionale dei dipendenti.<\/p>\n","protected":false},"excerpt":{"rendered":"<p>Il Premio Eccellenza dell\u2019Anno &#8211; Innovazione \u2013 Servizi ICT &amp; Big Data lo scorso 22 giugno, presso il Palazzo Mezzanotte, sede della Borsa di Milano, durante Le Fonti Awards \u00e8 andato a Consulthink S.P.A, \u201cper essere una giovane realt\u00e0 leader nel mercato dei servizi ICT, capace di coniugare competenze tecnologiche ed organizzative nella progettazione e [&hellip;]<\/p>\n","protected":false},"author":3555,"featured_media":0,"comment_status":"open","ping_status":"open","sticky":false,"template":"","format":"standard","meta":{"footnotes":""},"categories":[29],"tags":[],"class_list":["post-24538","post","type-post","status-publish","format-standard","hentry","category-comunicati"],"_links":{"self":[{"href":"https:\/\/www.area-press.eu\/comunicatistampa\/wp-json\/wp\/v2\/posts\/24538","targetHints":{"allow":["GET"]}}],"collection":[{"href":"https:\/\/www.area-press.eu\/comunicatistampa\/wp-json\/wp\/v2\/posts"}],"about":[{"href":"https:\/\/www.area-press.eu\/comunicatistampa\/wp-json\/wp\/v2\/types\/post"}],"author":[{"embeddable":true,"href":"https:\/\/www.area-press.eu\/comunicatistampa\/wp-json\/wp\/v2\/users\/3555"}],"replies":[{"embeddable":true,"href":"https:\/\/www.area-press.eu\/comunicatistampa\/wp-json\/wp\/v2\/comments?post=24538"}],"version-history":[{"count":1,"href":"https:\/\/www.area-press.eu\/comunicatistampa\/wp-json\/wp\/v2\/posts\/24538\/revisions"}],"predecessor-version":[{"id":24539,"href":"https:\/\/www.area-press.eu\/comunicatistampa\/wp-json\/wp\/v2\/posts\/24538\/revisions\/24539"}],"wp:attachment":[{"href":"https:\/\/www.area-press.eu\/comunicatistampa\/wp-json\/wp\/v2\/media?parent=24538"}],"wp:term":[{"taxonomy":"category","embeddable":true,"href":"https:\/\/www.area-press.eu\/comunicatistampa\/wp-json\/wp\/v2\/categories?post=24538"},{"taxonomy":"post_tag","embeddable":true,"href":"https:\/\/www.area-press.eu\/comunicatistampa\/wp-json\/wp\/v2\/tags?post=24538"}],"curies":[{"name":"wp","href":"https:\/\/api.w.org\/{rel}","templated":true}]}}