{"id":24470,"date":"2017-09-21T16:42:39","date_gmt":"2017-09-21T14:42:39","guid":{"rendered":"http:\/\/www.area-press.eu\/comunicatistampa\/?p=24470"},"modified":"2017-09-21T16:42:39","modified_gmt":"2017-09-21T14:42:39","slug":"comunicato-stampa-tuttaunaltracosa-2017","status":"publish","type":"post","link":"https:\/\/www.area-press.eu\/comunicatistampa\/2017\/09\/21\/comunicato-stampa-tuttaunaltracosa-2017\/","title":{"rendered":"Comunicato stampa &#8211; Tuttaunaltracosa 2017"},"content":{"rendered":"<h2><strong>Fiera di Osnago (LC) \u25cf 22 &#8211; 24 settembre 2017<\/strong><\/h2>\n<h3>XXXIII Festival nazionale del Commercio Equo e Solidale<\/h3>\n<h1><strong>E ora in Lombardia \u00e8 TUTTAUNALTRACOSA!<\/strong><\/h1>\n<p><!--more--><\/p>\n<p>Per l&#8217;autunno 2017 il Festival nazionale del Commercio Equo e Solidale torna presso quella Fiera di Osnago che l&#8217;aveva ospitata con eccezionale successo nel 2009. Per la sua ventitreesima edizione TUTTAUNALTRACOSA! ha infatti scelto di intervenire nel cuore della Lombardia, territorio che tuttora traina l&#8217;economia del Paese e che si sta rivelando pi\u00f9 che mai strategico anche per il commercio equo e solidale. Non a caso, proprio la Regione Lombardia ha varato una legge a favore del settore e ha sostenuto (in collaborazione con Unioncamere) la realizzazione della manifestazione.<\/p>\n<p>Nel weekend che congeda l&#8217;estate, la Brianza dar\u00e0 accesso a un mondo privo di barriere, attraverso gli eventi, gli incontri e soprattutto i prodotti e produttori del comparto pi\u00f9 sano e sostenibile del commercio mondiale.<\/p>\n<p>La manifestazione \u00e8 organizzata dall&#8217;<strong>Associazione delle Botteghe del Mondo<\/strong> (<u><a href=\"\/\/\/..\/www.assobdm.it\">www.assobdm.it<\/a><\/u>), che con centinaia di punti vendita sul territorio nazionale costituisce il pi\u00f9 longevo e articolato network del comparto in Italia. Per questo alla Fiera di Osnago arriveranno aromi e sapori, colori e disegni, ritmi e immagini da ogni angolo della Terra: dai gioielli ai tessuti, dagli arredi ai giochi, dalle pietanze al vestiario, dai libri all&#8217;oggettistica&#8230; ce n&#8217;\u00e8 davvero per tutti i gusti!<\/p>\n<p>Esperienze e proposte di gente che viaggia per il mondo in cerca di risorse remote, pronte a collaborare con quelle nostrane in uno scambio vantaggioso per tutti. <strong>Il viaggio \u00e8 proprio il tema focale dell&#8217;edizione 2017<\/strong>: esibito nel turismo responsabile, nelle immagini dei viaggi bidirezionali di progetti e prodotti, nelle tematiche dei dibattiti. Sullo sfondo delle crescenti chiusure odierne.<\/p>\n<p>Da decenni, il commercio equo e solidale rende inutili le barriere commerciali e militari, generando reddito in Italia e all&#8217;estero senza bisogno di rapine e violenze, conducendo progetti di sviluppo reale senza beneficienze consolatorie. Evitando i clamori propagandistici, consente agli operatori del Sud del mondo di costruire benessere per la propria comunit\u00e0 e per le nostre; intanto fa circolare le storie, i progetti e i prodotti delle diverse parti del pianeta, sapendo che per &#8220;aiutarli a casa loro&#8221; basta avere chiaro che di casa, in fondo, ce n&#8217;\u00e8 una sola comune.<\/p>\n<p>Il valore di questo approccio \u00e8 tanto pi\u00f9 evidente nel clima disordinato e semplificatore della congiuntura odierna, come ha riconosciuto anche <strong>la Regione Lombardia, che sostiene il Festival attraverso risorse provenienti dalla recente Legge sul Commercio equo e solidale<\/strong> lombardo. N\u00e9 si pu\u00f2 dimenticare l&#8217;<strong>Alto Patronato della Presidenza della Repubblica <\/strong>concesso anni fa da Giorgio Napolitano a TUTTAUNALTRACOSA!, riconoscendo l&#8217;urgenza di una via alternativa alle dinamiche internazionali che hanno condotto alla crisi planetaria.<\/p>\n<p>Base di questo approccio \u00e8 la libert\u00e0 di movimento, a partire dai pi\u00f9 giovani delle varie comunit\u00e0. Non a caso, nell&#8217;edizione lombarda si celebrano i dieci anni dall&#8217;esordio di <strong>Tuttounaltrocampo<\/strong>, <strong>laboratorio internazionale di formazione al commercio equo e solidale<\/strong>, rivolto a ragazzi e ragazze di tutto il mondo, coinvolti in un training di volontariato a tu per tu con i protagonisti del Festival a Osnago.<\/p>\n<p>Produttori e volontari, bottegai e artisti, ma soprattutto cinquantamila visitatori da tutta la Lombardia e da ogni parte d&#8217;Italia: insieme daranno vita a tre giornate di TUTTAUNALTRACOSA!, con decine di stand aperti <strong>dalle 10:00 del mattino a notte<\/strong>.<\/p>\n<p>L&#8217;arrivo della manifestazione a Osnago ha inoltre attivato <strong>l&#8217;economia solidale lombarda e i progetti di sostenibilit\u00e0 del territorio<\/strong>, presenti nel Festival sia con ampi network come Colomba (Cooperazione Lombardia) e RES (Rete di Economia Solidale) Lombardia, sia con una miriade di soggetti attivi nei diversi settori del sostenibile: workshop e dibattiti si succederanno lungo tutto l&#8217;arco delle tre giornate, con varie partecipazioni anche delle istituzioni pubbliche e filantropiche lombarde.<\/p>\n<p>Altrettanto vitale \u00e8 il palinsesto degli spettacoli e dei laboratori artistici, anche grazie all&#8217;eccezionale contributo di <strong>Contaminafro<\/strong> (www.contaminafro.com): il progetto di teatro, danza, musica e arti africane guidato dal coreografo camerunense Lazare Ohandja, che in Italia ha portato un&#8217;immagine per nulla folkloristica del mosaico in continua trasformazione delle culture d&#8217;Africa. Contaminafro non garantir\u00e0 solo <strong>musica etnica<\/strong> di varia estrazione e spettacoli di danza africana, ma anche <strong>workshop sia per adulti sia per bambini<\/strong>, insieme a varie performance ad alto tasso di coinvolgimento.<\/p>\n<p>N\u00e9 mancheranno molte altre iniziative irresistibili, dal concerto il sabato sera della <strong>Babbutzi Orchestar<\/strong> ad alcuni flash mob su cui il riserbo per ora \u00e8 d&#8217;obbligo.<\/p>\n<p>Del resto il programma rimane assolutamente in divenire fino all&#8217;ultimo: molte iniziative si aggiungeranno o dettaglieranno nei prossimi giorni, con regolari aggiornamenti sul sito<strong> www.tuttaunaltracosa.it<\/strong>. E per chi ha proposte, richieste o suggerimenti le email dell&#8217;organizzazione sono a disposizione: organizzazione@tuttaunaltracosa.it e info@tuttaunaltracosa.it<\/p>\n<p>L&#8217;importante \u00e8 che ogni proposta sia sempre TUTTAUNALTRACOSA!<\/p>\n<hr \/>\n<p><a href=\"http:\/\/www.tuttaunaltracosa.it\/wp-content\/uploads\/TuttaUnAltraCosa_CS_2017.pdf\" target=\"_blank\" rel=\"noopener\">SCARICA IL COMUNICATO IN FORMATO .PDF<\/a><\/p>\n","protected":false},"excerpt":{"rendered":"<p>Fiera di Osnago (LC) \u25cf 22 &#8211; 24 settembre 2017 XXXIII Festival nazionale del Commercio Equo e Solidale E ora in Lombardia \u00e8 TUTTAUNALTRACOSA!<\/p>\n","protected":false},"author":4658,"featured_media":0,"comment_status":"open","ping_status":"open","sticky":false,"template":"","format":"standard","meta":{"footnotes":""},"categories":[3,4],"tags":[],"class_list":["post-24470","post","type-post","status-publish","format-standard","hentry","category-arte-e-cultura","category-attualita-e-societa"],"_links":{"self":[{"href":"https:\/\/www.area-press.eu\/comunicatistampa\/wp-json\/wp\/v2\/posts\/24470","targetHints":{"allow":["GET"]}}],"collection":[{"href":"https:\/\/www.area-press.eu\/comunicatistampa\/wp-json\/wp\/v2\/posts"}],"about":[{"href":"https:\/\/www.area-press.eu\/comunicatistampa\/wp-json\/wp\/v2\/types\/post"}],"author":[{"embeddable":true,"href":"https:\/\/www.area-press.eu\/comunicatistampa\/wp-json\/wp\/v2\/users\/4658"}],"replies":[{"embeddable":true,"href":"https:\/\/www.area-press.eu\/comunicatistampa\/wp-json\/wp\/v2\/comments?post=24470"}],"version-history":[{"count":1,"href":"https:\/\/www.area-press.eu\/comunicatistampa\/wp-json\/wp\/v2\/posts\/24470\/revisions"}],"predecessor-version":[{"id":24472,"href":"https:\/\/www.area-press.eu\/comunicatistampa\/wp-json\/wp\/v2\/posts\/24470\/revisions\/24472"}],"wp:attachment":[{"href":"https:\/\/www.area-press.eu\/comunicatistampa\/wp-json\/wp\/v2\/media?parent=24470"}],"wp:term":[{"taxonomy":"category","embeddable":true,"href":"https:\/\/www.area-press.eu\/comunicatistampa\/wp-json\/wp\/v2\/categories?post=24470"},{"taxonomy":"post_tag","embeddable":true,"href":"https:\/\/www.area-press.eu\/comunicatistampa\/wp-json\/wp\/v2\/tags?post=24470"}],"curies":[{"name":"wp","href":"https:\/\/api.w.org\/{rel}","templated":true}]}}