{"id":24445,"date":"2017-09-20T13:33:58","date_gmt":"2017-09-20T11:33:58","guid":{"rendered":"http:\/\/www.area-press.eu\/comunicatistampa\/?p=24445"},"modified":"2017-09-20T13:33:58","modified_gmt":"2017-09-20T11:33:58","slug":"in-cammino-verso-se-stessi","status":"publish","type":"post","link":"https:\/\/www.area-press.eu\/comunicatistampa\/2017\/09\/20\/in-cammino-verso-se-stessi\/","title":{"rendered":"\u201cIN CAMMINO VERSO SE STESSI\u201d"},"content":{"rendered":"<table width=\"100%\">\n<tbody>\n<tr>\n<td>\u201c<strong>IN CAMMINO VERSO SE STESSI<\/strong>\u201d<\/p>\n<p>Conoscere il proprio ruolo nella vita e nel mondo tramite l\u2019antroposofia<\/p>\n<p>Si tratta di un percorso che si terr\u00e0 a Bologna, per l\u2019accrescimento delle facolt\u00e0 umane e la piena realizzazione dell\u2019individuo: per afferrare la \u201cvera natura dell\u2019essere umano\u201d secondo il pensiero antroposofico. E\u2019 un\u2019offerta proposta a: individui in cerca di s\u00e9, artisti, pedagoghi, professionisti, terapeuti, ricercatori, medici.<\/p>\n<p>L\u2019antroposofia \u00e8 un\u2019artescienza tramite cui \u00e8 possibile sviluppare e ampliare una modalit\u00e0 per penetrare e inserirsi in modo pi\u00f9 consapevole nella societ\u00e0, nel lavoro, nei rapporti umani.<\/p>\n<p>L\u2019approccio \u00e8 legato ad una metodologia divulgata dallo scienziato R. Steiner, che si basa su una reintegrazione dell\u2019individuo, tramite un superamento degli schemi e dei limiti legati alla sfera umana.<\/p>\n<p>L\u2019artista, il ricercatore, il conselour, il professionista, il medico o operatore olistico, o l\u2019individuo che cerca di dare un significato alla sua esistenza potr\u00e0 trovare il massimo giovamento nell\u2019 applicare le conoscenze e le tecniche della scienza spirituale nella sua attivit\u00e0 e apportare maggiore fecondit\u00e0 nel suo operare, in virt\u00f9 di una accresciuta visione e capacit\u00e0 di apertura interiore.<\/p>\n<p><strong>\u00a0<\/strong><strong>Si tratta di un percorso che si terr\u00e0 una domenica al mese, da Ottobre 2017 a Maggio 2017 ( 8 incontri). Per dettagli: <\/strong><a href=\"https:\/\/unicornoscorsi.com\/percorso\/\"><strong>https:\/\/unicornoscorsi.com\/percorso\/<\/strong><\/a><\/td>\n<\/tr>\n<\/tbody>\n<\/table>\n<p>Il corso \u00e8 aperto a tutti, non sono necessarie conoscenze specifiche.<\/p>\n<p>Ad ogni incontro\/seminario verranno proposte tematiche esistenziali e di attualit\u00e0, alle quali seguir\u00e0 un approfondimento e un dibattito pubblico.<\/p>\n<p>Le tematiche saranno:<\/p>\n<p>Fondamenti cosmologici evolutivi- Costituzione occulta- Sonno e sogno- le Arti: musica, pittura, scultura, danza \u2013\u2013 la spiritualit\u00e0 \u2013il destino e la libert\u00e0- la meditazione.<\/p>\n<p>Durante gli incontri verranno consigliati anche i percorsi all\u2019interno della realt\u00e0 antroposofia che possono essere eventualmente scelti come attivit\u00e0 professionali o nuove professioni (insegnante scuole Waldorf, agricoltore biodinamico, arteterapeuta del colore o della musica, ecc.)<\/p>\n<p>Il docente del percorso: Tiziano Bellucci, insegnante di musica, a Bologna, \u00e8 ricercatore e divulgatore scientifico spirituale dal 1990: ingegnere del suono, scrittore, conferenziere, consulente, autore e compositore musicale. Fa parte della Societ\u00e0 antroposofica universale di Dornach, Goetheanum. E\u2019 docente di antroposofia presso la scuola di arte-terapia antroposofica &#8220;Stella Maris&#8221; <a href=\"https:\/\/www.associazionestellamaris.it\/\">https:\/\/www.associazionestellamaris.it\/<\/a> .\u00a0Scrive libri, saggi, articoli, e tiene conferenze, seminari.<\/p>\n<p>I libri pubblicati da Tiziano Bellucci: IL SUONO DELLA LUCE: <a href=\"https:\/\/www.rudolfsteiner.it\/shop\/libri\/esercizi-di-autoeducazione\/il-suono-della-luce\">https:\/\/www.rudolfsteiner.it\/shop\/libri\/esercizi-di-autoeducazione\/il-suono-della-luce<\/a><\/p>\n<p>EROSOPHIA: http:\/\/www.argentodorato.it\/negozio\/saggistica_manualistica\/erosophia\/<\/p>\n<p>Curriculum del\u00a0 relatore: https:\/\/unicornos.com\/tiziano-bellucci\/tiziano-bellucci-biografia\/<\/p>\n<p>\u201c<em>Dare un senso alla vita significa unire lo spirituale nell&#8217;uomo allo spirituale nell&#8217;universo per far riaffiorare nell\u2019individuo gli enigmi dell\u2019esistenza che giacciono nei substrati del suo stesso essere\u201d<\/em><\/p>\n<p>&nbsp;<\/p>\n","protected":false},"excerpt":{"rendered":"<p>\u201cIN CAMMINO VERSO SE STESSI\u201d Conoscere il proprio ruolo nella vita e nel mondo tramite l\u2019antroposofia Si tratta di un percorso che si terr\u00e0 a Bologna, per l\u2019accrescimento delle facolt\u00e0 umane e la piena realizzazione dell\u2019individuo: per afferrare la \u201cvera natura dell\u2019essere umano\u201d secondo il pensiero antroposofico. E\u2019 un\u2019offerta proposta a: individui in cerca di [&hellip;]<\/p>\n","protected":false},"author":4657,"featured_media":0,"comment_status":"open","ping_status":"open","sticky":false,"template":"","format":"standard","meta":{"footnotes":""},"categories":[29],"tags":[],"class_list":["post-24445","post","type-post","status-publish","format-standard","hentry","category-comunicati"],"_links":{"self":[{"href":"https:\/\/www.area-press.eu\/comunicatistampa\/wp-json\/wp\/v2\/posts\/24445","targetHints":{"allow":["GET"]}}],"collection":[{"href":"https:\/\/www.area-press.eu\/comunicatistampa\/wp-json\/wp\/v2\/posts"}],"about":[{"href":"https:\/\/www.area-press.eu\/comunicatistampa\/wp-json\/wp\/v2\/types\/post"}],"author":[{"embeddable":true,"href":"https:\/\/www.area-press.eu\/comunicatistampa\/wp-json\/wp\/v2\/users\/4657"}],"replies":[{"embeddable":true,"href":"https:\/\/www.area-press.eu\/comunicatistampa\/wp-json\/wp\/v2\/comments?post=24445"}],"version-history":[{"count":1,"href":"https:\/\/www.area-press.eu\/comunicatistampa\/wp-json\/wp\/v2\/posts\/24445\/revisions"}],"predecessor-version":[{"id":24446,"href":"https:\/\/www.area-press.eu\/comunicatistampa\/wp-json\/wp\/v2\/posts\/24445\/revisions\/24446"}],"wp:attachment":[{"href":"https:\/\/www.area-press.eu\/comunicatistampa\/wp-json\/wp\/v2\/media?parent=24445"}],"wp:term":[{"taxonomy":"category","embeddable":true,"href":"https:\/\/www.area-press.eu\/comunicatistampa\/wp-json\/wp\/v2\/categories?post=24445"},{"taxonomy":"post_tag","embeddable":true,"href":"https:\/\/www.area-press.eu\/comunicatistampa\/wp-json\/wp\/v2\/tags?post=24445"}],"curies":[{"name":"wp","href":"https:\/\/api.w.org\/{rel}","templated":true}]}}