{"id":24391,"date":"2017-09-18T16:26:12","date_gmt":"2017-09-18T14:26:12","guid":{"rendered":"http:\/\/www.area-press.eu\/comunicatistampa\/?p=24391"},"modified":"2017-09-18T16:26:12","modified_gmt":"2017-09-18T14:26:12","slug":"lopen-day-sui-soggiorni-linguistici-allestero-del-british-european-centre-27-settembre-2017","status":"publish","type":"post","link":"https:\/\/www.area-press.eu\/comunicatistampa\/2017\/09\/18\/lopen-day-sui-soggiorni-linguistici-allestero-del-british-european-centre-27-settembre-2017\/","title":{"rendered":"L\u2019open day sui soggiorni linguistici all\u2019estero del British European Centre, 27 settembre 2017"},"content":{"rendered":"<p style=\"text-align: center\"><em>British European Centre organizza un incontro conoscitivo gratuito presso i suoi uffici di Milano in via Cornaggia 9,<\/em> <em>il 27 settembre 2017<\/em><\/p>\n<p style=\"text-align: left\"><em><br \/>\nMilano, 14 settembre 2017 \u2013<\/em> BEC (British European Centre) ha organizzato un Open Day dedicato ai programmi scolastici all&#8217;estero: l&#8217;evento si terr\u00e0 a Milano il 27 settembre 2017, dalle ore 15.00 alle 19.00, presso gli uffici di Via Cornaggia 9. Si tratta di un incontro gratuito e aperto a tutti (per partecipare non \u00e8 necessario iscriversi), proposto per presentare tutte le novit\u00e0 sulle opportunit\u00e0 di studio all\u2019estero.<br \/>\nBEC, organizzazione specializzata in esperienze formative all\u2019estero, fornisce agli studenti la possibilit\u00e0 di investire sul proprio futuro, immergendosi completamente in un&#8217;altra cultura e confrontandosi con usi e costumi completamente differenti per accrescere il proprio spirito di adattamento.<br \/>\nLa partecipazione ad un exchange program \u00e8 un&#8217;opportunit\u00e0 unica per trascorrere un periodo di studio all&#8217;estero: si tratta di un&#8217;avventura che cambia a seconda del paese di destinazione, uno scambio che permette di crescere frequentando una scuola superiore locale e vivendo con una famiglia ospitante (host family). Tutte le informazioni necessarie e i dettagli sulle destinazioni disponibili verranno forniti dallo staff di BEC nel corso dell&#8217;Open Day.<\/p>\n<p>Per maggiori informazioni: <a href=\"http:\/\/www.becasse.it\/i-nostri-programmi\/anno-scolastico-all-estero.html\">http:\/\/www.becasse.it\/i-nostri-programmi\/anno-scolastico-all-estero.html<\/a>.<\/p>\n","protected":false},"excerpt":{"rendered":"<p>British European Centre organizza un incontro conoscitivo gratuito presso i suoi uffici di Milano in via Cornaggia 9, il 27 settembre 2017 Milano, 14 settembre 2017 \u2013 BEC (British European Centre) ha organizzato un Open Day dedicato ai programmi scolastici all&#8217;estero: l&#8217;evento si terr\u00e0 a Milano il 27 settembre 2017, dalle ore 15.00 alle 19.00, [&hellip;]<\/p>\n","protected":false},"author":4517,"featured_media":0,"comment_status":"open","ping_status":"open","sticky":false,"template":"","format":"standard","meta":{"footnotes":""},"categories":[3],"tags":[15554,15556,15555],"class_list":["post-24391","post","type-post","status-publish","format-standard","hentry","category-arte-e-cultura","tag-anno-scolastico-allestero","tag-soggiorni-linguistici-allestero","tag-studiare-allestero"],"_links":{"self":[{"href":"https:\/\/www.area-press.eu\/comunicatistampa\/wp-json\/wp\/v2\/posts\/24391","targetHints":{"allow":["GET"]}}],"collection":[{"href":"https:\/\/www.area-press.eu\/comunicatistampa\/wp-json\/wp\/v2\/posts"}],"about":[{"href":"https:\/\/www.area-press.eu\/comunicatistampa\/wp-json\/wp\/v2\/types\/post"}],"author":[{"embeddable":true,"href":"https:\/\/www.area-press.eu\/comunicatistampa\/wp-json\/wp\/v2\/users\/4517"}],"replies":[{"embeddable":true,"href":"https:\/\/www.area-press.eu\/comunicatistampa\/wp-json\/wp\/v2\/comments?post=24391"}],"version-history":[{"count":2,"href":"https:\/\/www.area-press.eu\/comunicatistampa\/wp-json\/wp\/v2\/posts\/24391\/revisions"}],"predecessor-version":[{"id":24393,"href":"https:\/\/www.area-press.eu\/comunicatistampa\/wp-json\/wp\/v2\/posts\/24391\/revisions\/24393"}],"wp:attachment":[{"href":"https:\/\/www.area-press.eu\/comunicatistampa\/wp-json\/wp\/v2\/media?parent=24391"}],"wp:term":[{"taxonomy":"category","embeddable":true,"href":"https:\/\/www.area-press.eu\/comunicatistampa\/wp-json\/wp\/v2\/categories?post=24391"},{"taxonomy":"post_tag","embeddable":true,"href":"https:\/\/www.area-press.eu\/comunicatistampa\/wp-json\/wp\/v2\/tags?post=24391"}],"curies":[{"name":"wp","href":"https:\/\/api.w.org\/{rel}","templated":true}]}}