{"id":24375,"date":"2017-09-18T16:26:11","date_gmt":"2017-09-18T14:26:11","guid":{"rendered":"http:\/\/www.area-press.eu\/comunicatistampa\/?p=24375"},"modified":"2017-09-18T16:26:11","modified_gmt":"2017-09-18T14:26:11","slug":"uno-showman-italiano-che-si-e-fatto-conoscere-in-tutto-il-mondo-francesco-caro-valentino","status":"publish","type":"post","link":"https:\/\/www.area-press.eu\/comunicatistampa\/2017\/09\/18\/uno-showman-italiano-che-si-e-fatto-conoscere-in-tutto-il-mondo-francesco-caro-valentino\/","title":{"rendered":"Uno showman Italiano che si \u00e8 fatto conoscere in tutto il mondo: Francesco Caro Valentino."},"content":{"rendered":"<p>Francesco Caro Valentino \u00e8 uno showman che si \u00e8 esibito in tutto il mondo. Ha fatto conoscere l&#8217;Italia e le canzoni Italiane ma non solo.Ha vinto premi importanti ed \u00e8 ambasciatore del festival di Velletri.<\/p>\n<div id=\"yiv3387123701yui_3_16_0_ym19_1_1504969491638_41356\">La sua carriera inizia da emigrante negli Stati Uniti alla fine degli anni 60.<\/div>\n<div id=\"yiv3387123701yui_3_16_0_ym19_1_1504969491638_41356\">Grazie alla sua bravura si fa subito notare oltre che per la sua prestanza fisica per la timbrica della sua voce.<\/div>\n<div id=\"yiv3387123701yui_3_16_0_ym19_1_1504969491638_41356\">Incide cosi per la CBS e la Apollo record alcune canzoni.<\/div>\n<div id=\"yiv3387123701yui_3_16_0_ym19_1_1504969491638_41356\">Approda quindi quasi subito a Las Vegas dove si esibisce nei locali pi\u00f9 in voga.<\/div>\n<div id=\"yiv3387123701yui_3_16_0_ym19_1_1504969491638_41356\">Presto si interessano di lui sia le radio che le tv ed arriva al &#8221;Joe Frankyn Show&#8221;.<\/div>\n<div id=\"yiv3387123701yui_3_16_0_ym19_1_1504969491638_41356\">Si esibisce quindi anche a Telemontecarlo facendosi conoscere anche in europa.<\/div>\n<div id=\"yiv3387123701yui_3_16_0_ym19_1_1504969491638_41356\">Arrivano recensioni lusinghiere da parte di molti giornalisti.<\/div>\n<div id=\"yiv3387123701yui_3_16_0_ym19_1_1504969491638_41356\">Diventa protagonista quindi insieme a Ray Anthony ed Abbe Lane in &#8221;Las Vegas Extravaganza&#8221;. Questo prestigioso spettacolo era stato creato proprio per lui ed era il capolista.<\/div>\n<div id=\"yiv3387123701yui_3_16_0_ym19_1_1504969491638_41356\">Seguiranno numerose tourn\u00e9e a livello Internazionale.<\/div>\n<div id=\"yiv3387123701yui_3_16_0_ym19_1_1504969491638_41356\">Molti spettacoli sono stati fatti a scopo umanitario.<\/div>\n<div id=\"yiv3387123701yui_3_16_0_ym19_1_1504969491638_41356\">Francesco Caro Valentino che canta in 5 lingue non dimentica mai le persone meno fortunate e regala a loro sempre un sorriso.<\/div>\n<div id=\"yiv3387123701yui_3_16_0_ym19_1_1504969491638_41356\">Pi\u00f9 recentemente \u00e8 stato insignito del prestigioso titolo di &#8221;Ambasciatore della canzone Italiana del Mondo&#8221; in occasione del festival della canzone di Velletri.<\/div>\n<div id=\"yiv3387123701yui_3_16_0_ym19_1_1504969491638_41356\">Nel 2013 arriva un&#8217;altro importante riconoscimento : il Premio Barocco per la musica.<\/div>\n<div id=\"yiv3387123701yui_3_16_0_ym19_1_1504969491638_41356\" dir=\"ltr\">Poi ancora altri riconoscimenti come nel 2016 &#8221;Storie di donne nell&#8217;occhio dell&#8217;arte&#8221; ed altri ancora.<\/div>\n<div id=\"yiv3387123701yui_3_16_0_ym19_1_1504969491638_41356\" dir=\"ltr\">Recentemente ha addirittura recitato un cameo nel film &#8221;Partendo da Venezia&#8221; di Fernando Mariani .<\/div>\n<div id=\"yiv3387123701yui_3_16_0_ym19_1_1504969491638_41356\" dir=\"ltr\">Ora prossegue la sua carriera a cavallo tra Stati Uniti ed Europa.Non dimentica mai la sua bella Italia e anche quando \u00e8 all&#8217;estero rappresenta in modo eccellente il nostro bel paese.<\/div>\n<div id=\"yiv3387123701yui_3_16_0_ym19_1_1504969491638_41356\" dir=\"ltr\">Fra poco ci saranno nuove partecipazioni televisive ,vi invitiamo tutti a seguirlo sui vari social network.<\/div>\n<div dir=\"ltr\"><\/div>\n<div dir=\"ltr\">582813_116176088531529_1895762063_n.jpg<\/div>\n","protected":false},"excerpt":{"rendered":"<p>Francesco Caro Valentino \u00e8 uno showman che si \u00e8 esibito in tutto il mondo. Ha fatto conoscere l&#8217;Italia e le canzoni Italiane ma non solo.Ha vinto premi importanti ed \u00e8 ambasciatore del festival di Velletri. La sua carriera inizia da emigrante negli Stati Uniti alla fine degli anni 60. Grazie alla sua bravura si fa [&hellip;]<\/p>\n","protected":false},"author":4649,"featured_media":0,"comment_status":"open","ping_status":"open","sticky":false,"template":"","format":"standard","meta":{"footnotes":""},"categories":[12],"tags":[15550],"class_list":["post-24375","post","type-post","status-publish","format-standard","hentry","category-musica","tag-francesco-caro-valentino"],"_links":{"self":[{"href":"https:\/\/www.area-press.eu\/comunicatistampa\/wp-json\/wp\/v2\/posts\/24375","targetHints":{"allow":["GET"]}}],"collection":[{"href":"https:\/\/www.area-press.eu\/comunicatistampa\/wp-json\/wp\/v2\/posts"}],"about":[{"href":"https:\/\/www.area-press.eu\/comunicatistampa\/wp-json\/wp\/v2\/types\/post"}],"author":[{"embeddable":true,"href":"https:\/\/www.area-press.eu\/comunicatistampa\/wp-json\/wp\/v2\/users\/4649"}],"replies":[{"embeddable":true,"href":"https:\/\/www.area-press.eu\/comunicatistampa\/wp-json\/wp\/v2\/comments?post=24375"}],"version-history":[{"count":1,"href":"https:\/\/www.area-press.eu\/comunicatistampa\/wp-json\/wp\/v2\/posts\/24375\/revisions"}],"predecessor-version":[{"id":24376,"href":"https:\/\/www.area-press.eu\/comunicatistampa\/wp-json\/wp\/v2\/posts\/24375\/revisions\/24376"}],"wp:attachment":[{"href":"https:\/\/www.area-press.eu\/comunicatistampa\/wp-json\/wp\/v2\/media?parent=24375"}],"wp:term":[{"taxonomy":"category","embeddable":true,"href":"https:\/\/www.area-press.eu\/comunicatistampa\/wp-json\/wp\/v2\/categories?post=24375"},{"taxonomy":"post_tag","embeddable":true,"href":"https:\/\/www.area-press.eu\/comunicatistampa\/wp-json\/wp\/v2\/tags?post=24375"}],"curies":[{"name":"wp","href":"https:\/\/api.w.org\/{rel}","templated":true}]}}