{"id":24342,"date":"2017-09-15T16:40:12","date_gmt":"2017-09-15T14:40:12","guid":{"rendered":"http:\/\/www.area-press.eu\/comunicatistampa\/?p=24342"},"modified":"2017-09-15T16:40:12","modified_gmt":"2017-09-15T14:40:12","slug":"e-nata-lassociazione-vento-solidale-onlus","status":"publish","type":"post","link":"https:\/\/www.area-press.eu\/comunicatistampa\/2017\/09\/15\/e-nata-lassociazione-vento-solidale-onlus\/","title":{"rendered":"E&#8217; NATA L&#8217;ASSOCIAZIONE &#8220;VENTO SOLIDALE &#8211; ONLUS&#8221;"},"content":{"rendered":"<h1 class=\"titoloNews\">E&#8217; NATA L&#8217;ASSOCIAZIONE &#8220;VENTO SOLIDALE &#8211; ONLUS&#8221;!<\/h1>\n<h5 class=\"dataNews\">14-09-2017<\/h5>\n<div class=\"descrizione_newsroom\">\n<p><strong>L&#8217; ASSOCIAZIONE &#8220;VENTO SOLIDALE &#8211; ONLUS&#8221; <\/strong><\/p>\n<p><strong>L\u2019Associazione\u201d VENTO SOLIDALE \u2013 ONLUS \u201c, apolitica, apartitica, avente le caratteristiche di una organizzazione non lucrativa di utilit\u00e0 sociale\u00a0 (ONLUS ), ai sensi e per effetti dell\u2019 art.10 del D.Lgs. 460\/1997, \u00e8 stata costituita nel mese di luglio 2017 (con atto privato regolarmente registrato presso l\u2019Agenzia delle Entrate\u00a0 ed iscritto nel registro unico delle <a href=\"http:\/\/ventosolidaleonlus.altervista.org\/wp-content\/uploads\/2017\/07\/ONLUS-Copia.jpg\">Onlus<\/a>), ad opera di quattro persone appartenenti a realt\u00e0 lavorative diverse, desiderose di impegnarsi nel sociale. <\/strong><\/p>\n<\/div>\n<div class=\"descrizione_newsroom\"><strong>A seguito di una precedente esperienza di solidariet\u00e0 diretta vissuta dagli stessi, in occasione di una richiesta di aiuto da parte di una piccola comunit\u00e0 ugandese, a cui, grazie anche alla generosit\u00e0 di numerosi donatori di ogni et\u00e0, era stata data una risposta concreta attraverso la realizzazione di un pozzo per l&#8217;estrazione dell&#8217;acqua, gli attuali soci fondatori decisero di costituire un&#8217;Associazione per conferire maggiore autorevolezza alle successive attivit\u00e0 solidali, prevedendone comunque l&#8217;attuazione, ove possibile, anche sul territorio nazionale.<\/strong><\/div>\n<div class=\"descrizione_newsroom\"><strong>La mission dell&#8217;Associazione\u00a0si ispira ai valori umani della solidariet\u00e0 , con particolare riferimento alle persone\u00a0 deboli e svantaggiate, sia in Italia che all\u2019estero, al fine di migliorarne le condizioni. \u00a0<\/strong><\/div>\n<div class=\"descrizione_newsroom\"><strong>L&#8217; Associazione\u201d VENTO SOLIDALE \u2013 ONLUS\u201d non ha fini di lucro e persegue esclusivamente fini di solidariet\u00e0 sociale, attraverso la prevalente azione diretta personale e gratuita dei propri aderenti, operando nel campo della beneficenza. <\/strong><\/div>\n<div class=\"descrizione_newsroom\"><strong>In particolare concretizza le finalit\u00e0 di solidariet\u00e0 sociale attraverso:<\/strong><\/div>\n<div class=\"descrizione_newsroom\"><strong>&#8211; l\u2019attivit\u00e0 di sensibilizzazione dell\u2019opinione pubblica\u00a0 in merito alla opportunit\u00e0 di diffondere la cultura della solidariet\u00e0 sociale nei confronti delle persone deboli e svantaggiate;<\/strong><\/div>\n<div class=\"descrizione_newsroom\"><strong>&#8211; il sostegno di progetti specifici, individuati o elaborati dall\u2019Associazione, rivolti al miglioramento delle condizioni di vita di persone deboli e svantaggiate, sia in Italia che all\u2019estero, anche attraverso la collaborazione con altre organizzazioni o Enti,\u00a0 aventi il medesimo fine istituzionale. <\/strong><\/div>\n<div class=\"descrizione_newsroom\"><strong>Attualmente, l\u2019 Associazione \u201c VENTO SOLIDALE \u2013 ONLUS \u201c sostiene due progetti incentrati sulle necessit\u00e0 di persone in stato di indigenza o di forte disagio socio-economico.<\/strong><\/div>\n<div class=\"descrizione_newsroom\"><strong>In particolare (dettagli sul sito web: www.ventosolidaleonlus.altervista.org) sostiene :<\/strong><\/div>\n<div class=\"descrizione_newsroom\"><strong>&#8211; in Uganda: il progetto \u201cUn trattore per Kakiri\u201d, finalizzato all&#8217;acquisto di un trattore della serie &#8221;\u00a0Utility classe B&#8221;, a favore della popolazione di Kakiri (localit\u00e0 dove si \u00e8 appena concluso il progetto di realizzazione di un pozzo per l&#8217;estrazione dell&#8217;acqua), al fine di consentire lo sviluppo agricolo e socio-economico di quella comunit\u00e0;<\/strong><\/div>\n<div class=\"descrizione_newsroom\"><strong>&#8211; in Italia : il progetto \u201cSostegno italiano\u201d, finalizzato ad aiutare, con un piccolo contributo annuale,\u00a0 l&#8217;organizzazione (individuata anch&#8217;essa annualmente) che, a suo insindacabile giudizio, abbia dimostrato di operare nel campo della solidarieta&#8217; diretta a favore delle persone indigenti mediante l&#8217;impiego efficace delle risorse, limitando al minimo le spese per attivit\u00e0 di carattere secondario e concentrando i propri sforzi nello svolgimento di attivit\u00e0 concrete ( distribuzione pasti, vestiario, ecc. ).<\/strong><\/div>\n","protected":false},"excerpt":{"rendered":"<p>E&#8217; NATA L&#8217;ASSOCIAZIONE &#8220;VENTO SOLIDALE &#8211; ONLUS&#8221;! 14-09-2017 L&#8217; ASSOCIAZIONE &#8220;VENTO SOLIDALE &#8211; ONLUS&#8221; L\u2019Associazione\u201d VENTO SOLIDALE \u2013 ONLUS \u201c, apolitica, apartitica, avente le caratteristiche di una organizzazione non lucrativa di utilit\u00e0 sociale\u00a0 (ONLUS ), ai sensi e per effetti dell\u2019 art.10 del D.Lgs. 460\/1997, \u00e8 stata costituita nel mese di luglio 2017 (con atto [&hellip;]<\/p>\n","protected":false},"author":4643,"featured_media":0,"comment_status":"open","ping_status":"open","sticky":false,"template":"","format":"standard","meta":{"footnotes":""},"categories":[29],"tags":[],"class_list":["post-24342","post","type-post","status-publish","format-standard","hentry","category-comunicati"],"_links":{"self":[{"href":"https:\/\/www.area-press.eu\/comunicatistampa\/wp-json\/wp\/v2\/posts\/24342","targetHints":{"allow":["GET"]}}],"collection":[{"href":"https:\/\/www.area-press.eu\/comunicatistampa\/wp-json\/wp\/v2\/posts"}],"about":[{"href":"https:\/\/www.area-press.eu\/comunicatistampa\/wp-json\/wp\/v2\/types\/post"}],"author":[{"embeddable":true,"href":"https:\/\/www.area-press.eu\/comunicatistampa\/wp-json\/wp\/v2\/users\/4643"}],"replies":[{"embeddable":true,"href":"https:\/\/www.area-press.eu\/comunicatistampa\/wp-json\/wp\/v2\/comments?post=24342"}],"version-history":[{"count":2,"href":"https:\/\/www.area-press.eu\/comunicatistampa\/wp-json\/wp\/v2\/posts\/24342\/revisions"}],"predecessor-version":[{"id":24344,"href":"https:\/\/www.area-press.eu\/comunicatistampa\/wp-json\/wp\/v2\/posts\/24342\/revisions\/24344"}],"wp:attachment":[{"href":"https:\/\/www.area-press.eu\/comunicatistampa\/wp-json\/wp\/v2\/media?parent=24342"}],"wp:term":[{"taxonomy":"category","embeddable":true,"href":"https:\/\/www.area-press.eu\/comunicatistampa\/wp-json\/wp\/v2\/categories?post=24342"},{"taxonomy":"post_tag","embeddable":true,"href":"https:\/\/www.area-press.eu\/comunicatistampa\/wp-json\/wp\/v2\/tags?post=24342"}],"curies":[{"name":"wp","href":"https:\/\/api.w.org\/{rel}","templated":true}]}}