{"id":24324,"date":"2017-09-15T16:40:11","date_gmt":"2017-09-15T14:40:11","guid":{"rendered":"http:\/\/www.area-press.eu\/comunicatistampa\/?p=24324"},"modified":"2017-09-15T16:40:11","modified_gmt":"2017-09-15T14:40:11","slug":"mariglianella-bonus-idrico-per-nuclei-familiari-in-disagio-economico-scadenza-istanze-31-ottobre-2017","status":"publish","type":"post","link":"https:\/\/www.area-press.eu\/comunicatistampa\/2017\/09\/15\/mariglianella-bonus-idrico-per-nuclei-familiari-in-disagio-economico-scadenza-istanze-31-ottobre-2017\/","title":{"rendered":"Mariglianella: Bonus Idrico per nuclei familiari in disagio economico. Scadenza Istanze 31 Ottobre 2017."},"content":{"rendered":"<p>La sensibilit\u00e0 e l\u2019attivismo dell\u2019Amministrazione Comunale di Mariglianella nella vicinanza e sostegno alle fasce deboli della popolazione sono riconfermate dal Sindaco, Felice Di Maiolo, dagli Assessori Arcangelo Russo, al Bilancio e Tributi, Luisa Cucca, alle Politiche Sociali e dai Servizi Sociali che hanno messo in atto tutte le procedure per giungere alla concessione di agevolazioni tariffarie sui consumi idrici a favore dei nuclei familiari in situazioni di disagio economico.<\/p>\n<p>Prende il via, cos\u00ec, il riconoscimento del \u201c<em>Bonus Idrico<\/em>\u201d per l\u2019anno 2017 istituito dall\u2019Ente d\u2019Ambito Sarnese Vesuviano con Deliberazione Commissariale n. 25 del 1\u00b0 Agosto 2017. Agli aventi diritto verr\u00e0 riconosciuto un rimborso pari all\u2019importo per una fornitura di 29,2 mc all\u2019anno di acqua (80 litri al giorno) per ciascun componente del nucleo familiare.<\/p>\n<p>Le istanze vanno prodotte e consegnate al Comune di Mariglianella entro e non oltre il 31 Ottobre 2017 utilizzando l\u2019apposita modulistica disponibile presso l\u2019Ufficio Protocollo di questo Comune; sul sito internet di GORI Spa all\u2019indirizzo <a href=\"http:\/\/www.goriacqua.com\">www.goriacqua.com<\/a>; sul sito internet dell\u2019Ente d\u2019Ambito all\u2019indirizzo <u>www.ato3campania.it<\/u>;\u00a0 presso gli sportelli al pubblico di GORI Spa. Saranno destinatari del \u201cBonus Idrico\u201d i residenti nel Comune di Mariglianella, appartenente all\u2019Ambito distrettuale \u201c<em>Sarnese Vesuviano<\/em>\u201d di cui alla Legge Regionale 2 dicembre 2015, n. 15, utenti domestici, titolari di un contratto attivo di fornitura idrica con la GORI S.p.A. che gestisce il Sistema Idrico Integrale. E\u2019 necessario possedere i seguenti requisiti: valore I.S.E.E. anno 2016 (riferito ai dati dell\u2019anno 2015) fino ad \u20ac 8.107,50; valore I.S.E.E. anno 2016 (riferito ai dati dell\u2019anno 2015) fino ad \u20ac 20.000 con almeno quattro figli a carico (cd. famiglie numerose).<\/p>\n<p>All\u2019istanza \u00e8 obbligatorio allegare la seguente documentazione: certificazione ISEE anno 2016; copia di documento comprovante l\u2019invalidit\u00e0 di uno o pi\u00f9 componenti il nucleo familiare; copia dell\u2019ultima fattura ricevuta dalla GORI S.p.A.; copia di un documento di identit\u00e0 del richiedente, in corso di validit\u00e0. Il Gestore provveder\u00e0 al riparto del Bonus Idrico attribuito all\u2019utente direttamente sulle bollette, fino a completo esaurimento dell\u2019importo assegnato a questo Comune. Il beneficio pu\u00f2 essere assegnato alla sola utenza riferita all\u2019abitazione principale di residenza.<\/p>\n<p>E\u2019 stato dunque confermato quale criterio principale di assegnazione della misura il valore dell\u2019indicatore ISEE. Per poter beneficiare dell\u2019agevolazione gli utenti che presentano morosit\u00e0 non oggetto di contestazione giudiziaria alla data di pubblicazione del presente bando, devono regolarizzare contestualmente la propria posizione debitoria procedendo al pagamento dei residui importi insoluti oppure accedendo alla possibilit\u00e0 di sottoscrizione di apposito piano di rateizzazione degli stessi.<\/p>\n<p>Ampia comunicazione pubblica \u00e8 stata assicurata con l\u2019affissione del manifesto, a firma del Sindaco Felice Di Maiolo e del Responsabile del Servizio Affari Generali, dott. Francesco Principato, con la pubblicazione dell\u2019avviso sul sito istituzionale del Comune di Mariglianella.<\/p>\n<p>Il Sindaco Felice Di Maiolo ha dichiarato \u201c<em>Come Amministrazione Comunale<\/em> s<em>tiamo operando in sinergia fra Enti ed Istituzioni, ognuno nelle proprie competenze, nella comune azione a sostegno delle famiglie in disagio economico, cogliendo ogni opportunit\u00e0 che legge, regolamenti e disposizioni normative ci offrono per dare un aiuto concreto in vari forme. In questo caso si tratta dei consumi idrici. Mentre in questa settimana abbiamo ripreso, dopo la pausa del mese di agosto, la distribuzione dei pacchi alimentari da noi promossa e riconfermata\u201d.<\/em><\/p>\n<p><em>\u00a0<\/em><\/p>\n<p><strong>COMUNICATO STAMPA DELL\u2019AMMINISTRAZIONE COMUNALE DI MARIGLIANELLA<\/strong><\/p>\n","protected":false},"excerpt":{"rendered":"<p>La sensibilit\u00e0 e l\u2019attivismo dell\u2019Amministrazione Comunale di Mariglianella nella vicinanza e sostegno alle fasce deboli della popolazione sono riconfermate dal Sindaco, Felice Di Maiolo, dagli Assessori Arcangelo Russo, al Bilancio e Tributi, Luisa Cucca, alle Politiche Sociali e dai Servizi Sociali che hanno messo in atto tutte le procedure per giungere alla concessione di agevolazioni [&hellip;]<\/p>\n","protected":false},"author":4641,"featured_media":0,"comment_status":"open","ping_status":"open","sticky":false,"template":"","format":"standard","meta":{"footnotes":""},"categories":[29],"tags":[],"class_list":["post-24324","post","type-post","status-publish","format-standard","hentry","category-comunicati"],"_links":{"self":[{"href":"https:\/\/www.area-press.eu\/comunicatistampa\/wp-json\/wp\/v2\/posts\/24324","targetHints":{"allow":["GET"]}}],"collection":[{"href":"https:\/\/www.area-press.eu\/comunicatistampa\/wp-json\/wp\/v2\/posts"}],"about":[{"href":"https:\/\/www.area-press.eu\/comunicatistampa\/wp-json\/wp\/v2\/types\/post"}],"author":[{"embeddable":true,"href":"https:\/\/www.area-press.eu\/comunicatistampa\/wp-json\/wp\/v2\/users\/4641"}],"replies":[{"embeddable":true,"href":"https:\/\/www.area-press.eu\/comunicatistampa\/wp-json\/wp\/v2\/comments?post=24324"}],"version-history":[{"count":1,"href":"https:\/\/www.area-press.eu\/comunicatistampa\/wp-json\/wp\/v2\/posts\/24324\/revisions"}],"predecessor-version":[{"id":24325,"href":"https:\/\/www.area-press.eu\/comunicatistampa\/wp-json\/wp\/v2\/posts\/24324\/revisions\/24325"}],"wp:attachment":[{"href":"https:\/\/www.area-press.eu\/comunicatistampa\/wp-json\/wp\/v2\/media?parent=24324"}],"wp:term":[{"taxonomy":"category","embeddable":true,"href":"https:\/\/www.area-press.eu\/comunicatistampa\/wp-json\/wp\/v2\/categories?post=24324"},{"taxonomy":"post_tag","embeddable":true,"href":"https:\/\/www.area-press.eu\/comunicatistampa\/wp-json\/wp\/v2\/tags?post=24324"}],"curies":[{"name":"wp","href":"https:\/\/api.w.org\/{rel}","templated":true}]}}