{"id":24319,"date":"2017-09-15T16:40:11","date_gmt":"2017-09-15T14:40:11","guid":{"rendered":"http:\/\/www.area-press.eu\/comunicatistampa\/?p=24319"},"modified":"2017-09-15T16:40:11","modified_gmt":"2017-09-15T14:40:11","slug":"edoardo-palamara-ascoltami","status":"publish","type":"post","link":"https:\/\/www.area-press.eu\/comunicatistampa\/2017\/09\/15\/edoardo-palamara-ascoltami\/","title":{"rendered":"Edoardo Palamara ,\u201cAscoltami\u201d"},"content":{"rendered":"<p style=\"text-align: center\"><strong>In radio il singolo del venticinquenne cantautore romano estratto dall\u2019Ep Viver fragile<\/strong><\/p>\n<p><iframe loading=\"lazy\" title=\"Edoardo Palamara - Ascoltami\" width=\"500\" height=\"281\" src=\"https:\/\/www.youtube.com\/embed\/euDMUmxyxyM?feature=oembed\" frameborder=\"0\" allow=\"accelerometer; autoplay; clipboard-write; encrypted-media; gyroscope; picture-in-picture; web-share\" referrerpolicy=\"strict-origin-when-cross-origin\" allowfullscreen><\/iframe><\/p>\n<p>Il singolo <strong>\u201cAscoltami\u201d<\/strong> pronto per la promozione radiofonica. A proporlo \u00e8 il giovane cantautore romano <strong>Edoardo Palamara<\/strong>.<br \/>\nLa musica ha sempre avuto un posto di rilievo nella sua vita: le canzoni di Fabrizio De Andr\u00e8 hanno accompagnato le sue giornate sin dalla pi\u00f9 tenera et\u00e0 grazie anche alla passione smisurata che la famiglia, in particolare il fratello maggiore, ha sempre nutrito per il grande Faber. Ha iniziato a suonare la chitarra, in un percorso di studio della musica e degli strumenti, durante il quale ha composto e a cantato i suoi primi testi.<br \/>\nInutile dire che le canzoni d\u2019autore della cosiddetta scuola romana (e citiamo De Gregori per tutti) e genovese sono state un punto di riferimento fondamentale, senza dimenticare artisti quali Bennato, Guccini, ma anche il folk americano, in primis Bob Dylan, fonte di ispirazione e probabilmente per questo l\u2019accompagnarsi con l\u2019armonica a bocca \u00e8 stato del tutto naturale.<br \/>\nUna menzione particolare va a Massimo Bubola, che considera artista di grandissimo livello, la cui arte ha avuto su Edoardo un grande impatto emotivo e formativo.<br \/>\nI testi delle sue canzoni nascono prevalentemente dall\u2019osservazione della realt\u00e0 e della personale relazione con essa: momento fondamentale in questo processo \u00e8 certamente l\u2019analisi introspettiva, in particolare quando si \u00e8 alla ricerca di risposte a quesiti che riguardano la nostra esistenza, pubblica e privata, quesiti che ritiene, nonostante la sua giovane et\u00e0, o forse proprio per questo, estremamente complessi, ma allo stesso tempo interessanti e vitali.<br \/>\nE\u2019 cos\u00ec, con questo approccio che ha scritto i suoi testi, circa 30, di cui ha curato anche gli arrangiamenti. Alcuni di essi fanno parte del repertorio gi\u00e0 proposto al pubblico romano, in alcuni locali della citt\u00e0.<br \/>\nAscoltami \u00e8 un brano che racchiude e sintetizza l\u2019arte creativa di Edoardo Palamara, che ci riporta , con nuova freschezza, spontaneit\u00e0 e passione al mondo cantautorale, quando questo genere rappresentava l\u2019esplosione, la novit\u00e0 che prendeva forma in un mondo alternativo riconducibile sicuramente anche al mitico Folkstudio.<strong> Il Brano \u00e8 tratto dall\u2019Ep Viver Fragile disponibile su iTunes e sulle principali piattaforme digitali distribuito da Goodfellas.<\/strong><\/p>\n<p><a href=\"https:\/\/www.facebook.com\/edoardo.palamara\">https:\/\/www.facebook.com\/edoardo.palamara<\/a><br \/>\n<a href=\"https:\/\/itunes.apple.com\/it\/album\/viver-fragile\/id1275019996\">https:\/\/itunes.apple.com\/it\/album\/viver-fragile\/id1275019996<\/a><\/p>\n<p>Press, radio, Tv Agency\u2028DCOD Communication By GB Play<br \/>\npromoradio@dcodcommunication.it<br \/>\npromostampa@dcocommunication.it<\/p>\n","protected":false},"excerpt":{"rendered":"<p>In radio il singolo del venticinquenne cantautore romano estratto dall\u2019Ep Viver fragile Il singolo \u201cAscoltami\u201d pronto per la promozione radiofonica. A proporlo \u00e8 il giovane cantautore romano Edoardo Palamara. La musica ha sempre avuto un posto di rilievo nella sua vita: le canzoni di Fabrizio De Andr\u00e8 hanno accompagnato le sue giornate sin dalla pi\u00f9 [&hellip;]<\/p>\n","protected":false},"author":331,"featured_media":0,"comment_status":"open","ping_status":"open","sticky":false,"template":"","format":"standard","meta":{"footnotes":""},"categories":[12],"tags":[5227,15528,1632],"class_list":["post-24319","post","type-post","status-publish","format-standard","hentry","category-musica","tag-radio","tag-palamara","tag-radio-date"],"_links":{"self":[{"href":"https:\/\/www.area-press.eu\/comunicatistampa\/wp-json\/wp\/v2\/posts\/24319","targetHints":{"allow":["GET"]}}],"collection":[{"href":"https:\/\/www.area-press.eu\/comunicatistampa\/wp-json\/wp\/v2\/posts"}],"about":[{"href":"https:\/\/www.area-press.eu\/comunicatistampa\/wp-json\/wp\/v2\/types\/post"}],"author":[{"embeddable":true,"href":"https:\/\/www.area-press.eu\/comunicatistampa\/wp-json\/wp\/v2\/users\/331"}],"replies":[{"embeddable":true,"href":"https:\/\/www.area-press.eu\/comunicatistampa\/wp-json\/wp\/v2\/comments?post=24319"}],"version-history":[{"count":2,"href":"https:\/\/www.area-press.eu\/comunicatistampa\/wp-json\/wp\/v2\/posts\/24319\/revisions"}],"predecessor-version":[{"id":24321,"href":"https:\/\/www.area-press.eu\/comunicatistampa\/wp-json\/wp\/v2\/posts\/24319\/revisions\/24321"}],"wp:attachment":[{"href":"https:\/\/www.area-press.eu\/comunicatistampa\/wp-json\/wp\/v2\/media?parent=24319"}],"wp:term":[{"taxonomy":"category","embeddable":true,"href":"https:\/\/www.area-press.eu\/comunicatistampa\/wp-json\/wp\/v2\/categories?post=24319"},{"taxonomy":"post_tag","embeddable":true,"href":"https:\/\/www.area-press.eu\/comunicatistampa\/wp-json\/wp\/v2\/tags?post=24319"}],"curies":[{"name":"wp","href":"https:\/\/api.w.org\/{rel}","templated":true}]}}