{"id":24236,"date":"2017-09-12T14:23:19","date_gmt":"2017-09-12T12:23:19","guid":{"rendered":"http:\/\/www.area-press.eu\/comunicatistampa\/?p=24236"},"modified":"2017-09-12T14:23:19","modified_gmt":"2017-09-12T12:23:19","slug":"prontopro-it-on-air-con-la-sua-prima-campagna-tv","status":"publish","type":"post","link":"https:\/\/www.area-press.eu\/comunicatistampa\/2017\/09\/12\/prontopro-it-on-air-con-la-sua-prima-campagna-tv\/","title":{"rendered":"ProntoPro.it on air con la sua prima campagna TV"},"content":{"rendered":"<p><strong><em>Tra colpi di fulmine e problemi idraulici\u2026il coro dei professionisti salva tutte le emergenze<\/em><\/strong><\/p>\n<p><strong>Milano, settembre 2017<\/strong> \u2013 Da domenica 10 settembre, <a href=\"https:\/\/www.prontopro.it\/\"><strong>ProntoPro.it<\/strong><\/a>, il portale N.1 dei professionisti in Italia, \u00e8 on air con la sua prima campagna di spot televisivi. La creativit\u00e0 \u00e8 firmata dall\u2019agenzia PicNic di Niccol\u00f2 Brioschi, la regia \u00e8 di Marcello Lucini e la casa di produzione \u00e8 TheBigMama.<\/p>\n<p>ProntoPro.it, a soli due anni e mezzo dalla sua fondazione, ha scelto di farsi conoscere attraverso i principali network televisivi nazionali: lo spot sar\u00e0 in programmazione nei formati 30\u2019\u2019 e 15\u201d.<\/p>\n<p>I due episodi della campagna, dal titolo <strong><em>\u201cProntoPro, il professionista pronto per te\u201d<\/em><\/strong><em>, <\/em>vedono persone comuni affrontare diverse situazioni di emergenza, in cui si rende necessario l\u2019intervento di un professionista. Grazie a ProntoPro.it, nel momento di maggior bisogno, sulle allegre note del celebre coro dei pompieri nel film \u201c<em>\u2026Altrimenti ci arrabbiamo!\u201d, <\/em>appare chi salver\u00e0 i protagonisti in difficolt\u00e0.<\/p>\n<p>Nel primo episodio un ragazzo fuori forma viene prima aiutato da un personal trainer, che entra in scena accompagnato dal jingle, e poi si ritrova sotto la doccia senza l\u2019acqua. \u00c8 a questo punto che interviene prontamente anche l\u2019idraulico, che avanza dal coro dei professionisti canterini. Nel secondo si parla di una storia romantica: un uomo, fallito il tentativo di appendere un quadro, sfonda la parete che separa il suo appartamento da quello di una vicina affascinante, con cui scatta subito il colpo di fulmine. Dopo l\u2019impresa edile che riparer\u00e0 il muro, si rende cos\u00ec necessario anche l\u2019intervento di una wedding planner, che organizzer\u00e0 il giorno pi\u00f9 bello della loro vita.<\/p>\n<p><em>\u00abA soli due anni dalla nascita della nostra web company, durante i quali abbiamo costruito il pi\u00f9 grande network di professionisti italiani composto da quasi 150.000 iscritti, abbiamo deciso di investire per la prima volta in TV per far conoscere al grande pubblico il servizio di ProntoPro, capace di semplificare la ricerca dei professionisti attraverso il confronto gratuito dei preventivi &#8211;<\/em> ha dichiarato <strong>Marco Ogliengo,<\/strong> Ceo di ProntoPro.it \u2013 <em>Siamo molto soddisfatti della creativit\u00e0 di questo spot perch\u00e9 racconta in maniera ironica ed efficace come, nella vita di tutti i giorni, siano tanti i casi in cui si pu\u00f2 aver bisogno del supporto di un professionista e di come, attraverso le recensioni, il cliente possa scegliere in maniera pi\u00f9 consapevole<\/em><em>\u00bb<\/em><em>. <\/em><\/p>\n<p><em>\u00abAiutare gli spettatori a ricordare il nome di ProntoPro era uno degli obiettivi del nostro lavoro. <\/em>\u2013 ha detto <strong>Niccol\u00f2 Brioschi,<\/strong> Direttore Creativo di PicNic &#8211;<em> Da qui l&#8217;idea di adattare il tormentone del coro di Bud Spencer e Terence Hill, capace di entrare anche nella testa di chi non ha mai visto il film e di essere ricordato proprio da tutti<\/em><em>\u00bb.<\/em><\/p>\n<p>Di seguito i link agli spot nel formato 30\u2019: <a href=\"https:\/\/youtu.be\/GtECbv8uYZ0\">https:\/\/youtu.be\/GtECbv8uYZ0<\/a><\/p>\n<p><a href=\"https:\/\/youtu.be\/zeQtONmHvbQ\">https:\/\/youtu.be\/zeQtONmHvbQ<\/a><\/p>\n<p><strong>Scheda Tecnica<\/strong>:<\/p>\n<p><em>Agenzia Creativa<\/em>: PicNic<\/p>\n<p><em>Direttore Creativo esecutivo<\/em>: Niccol\u00f2 Brioschi<\/p>\n<p><em>Copywriter<\/em>: Federica Guidolin<\/p>\n<p><em>Art director<\/em>: Riccardo Colombo<\/p>\n<p><em>Regia<\/em>: Marcello Lucini<\/p>\n<p><em>Direttore della fotografia<\/em>: Fabio Casati<\/p>\n<p><em>Post produzione<\/em>: Videozone<\/p>\n<p><em>Casa di Produzione<\/em>: The BigMama<\/p>\n<p><em>\u00a0<\/em><\/p>\n<p><em>Per \u201cCoro dei Pompieri\u201d Musica: Guido e Maurizio De Angelis<\/em><\/p>\n<p><em>Edizioni: Universal Music Publishing Ricordi S.r.l.\/Cecchi Gori Music S.r.l.<\/em><\/p>\n","protected":false},"excerpt":{"rendered":"<p>Tra colpi di fulmine e problemi idraulici\u2026il coro dei professionisti salva tutte le emergenze Milano, settembre 2017 \u2013 Da domenica 10 settembre, ProntoPro.it, il portale N.1 dei professionisti in Italia, \u00e8 on air con la sua prima campagna di spot televisivi. La creativit\u00e0 \u00e8 firmata dall\u2019agenzia PicNic di Niccol\u00f2 Brioschi, la regia \u00e8 di Marcello [&hellip;]<\/p>\n","protected":false},"author":2761,"featured_media":0,"comment_status":"open","ping_status":"open","sticky":false,"template":"","format":"standard","meta":{"footnotes":""},"categories":[5],"tags":[8251,4961,3075],"class_list":["post-24236","post","type-post","status-publish","format-standard","hentry","category-aziendali","tag-prontopro-it","tag-spot","tag-tv"],"_links":{"self":[{"href":"https:\/\/www.area-press.eu\/comunicatistampa\/wp-json\/wp\/v2\/posts\/24236","targetHints":{"allow":["GET"]}}],"collection":[{"href":"https:\/\/www.area-press.eu\/comunicatistampa\/wp-json\/wp\/v2\/posts"}],"about":[{"href":"https:\/\/www.area-press.eu\/comunicatistampa\/wp-json\/wp\/v2\/types\/post"}],"author":[{"embeddable":true,"href":"https:\/\/www.area-press.eu\/comunicatistampa\/wp-json\/wp\/v2\/users\/2761"}],"replies":[{"embeddable":true,"href":"https:\/\/www.area-press.eu\/comunicatistampa\/wp-json\/wp\/v2\/comments?post=24236"}],"version-history":[{"count":1,"href":"https:\/\/www.area-press.eu\/comunicatistampa\/wp-json\/wp\/v2\/posts\/24236\/revisions"}],"predecessor-version":[{"id":24238,"href":"https:\/\/www.area-press.eu\/comunicatistampa\/wp-json\/wp\/v2\/posts\/24236\/revisions\/24238"}],"wp:attachment":[{"href":"https:\/\/www.area-press.eu\/comunicatistampa\/wp-json\/wp\/v2\/media?parent=24236"}],"wp:term":[{"taxonomy":"category","embeddable":true,"href":"https:\/\/www.area-press.eu\/comunicatistampa\/wp-json\/wp\/v2\/categories?post=24236"},{"taxonomy":"post_tag","embeddable":true,"href":"https:\/\/www.area-press.eu\/comunicatistampa\/wp-json\/wp\/v2\/tags?post=24236"}],"curies":[{"name":"wp","href":"https:\/\/api.w.org\/{rel}","templated":true}]}}