{"id":24216,"date":"2017-09-11T22:09:44","date_gmt":"2017-09-11T20:09:44","guid":{"rendered":"http:\/\/www.area-press.eu\/comunicatistampa\/?p=24216"},"modified":"2017-09-11T22:09:44","modified_gmt":"2017-09-11T20:09:44","slug":"le-magie-dellestetista-una-fata-turchina-moderna","status":"publish","type":"post","link":"https:\/\/www.area-press.eu\/comunicatistampa\/2017\/09\/11\/le-magie-dellestetista-una-fata-turchina-moderna\/","title":{"rendered":"Le magie dell\u2019estetista: una fata turchina moderna"},"content":{"rendered":"<p>Perch\u00e9 la maggior parte delle donne ha un\u2019estetista di fiducia o un centro estetico a cui fa \u201cvisita\u201d almeno una volta al mese?<\/p>\n<p>L\u2019aspetto fisico, al giorno d\u2019oggi, pi\u00f9 che in passato \u00e8, potremmo azzardarci a dire, tutto. In una societ\u00e0 dove pullulano influencer e blogger, dove instagram \u00e8 il social pi\u00f9 utilizzato per l\u2019advertising ma anche solo per farsi vedere, per far sapere agli altri che esistiamo, che facciamo cose e che la nostra vita \u00e8 fantastica, essere sempre al top non \u00e8 pi\u00f9 un optional.<\/p>\n<p>E\u2019 per questo che l\u2019estetista o la nostra esperta di bellezza che sia, diventa la migliora amica di una donna, perch\u00e9 dovendola magicamente trasformare, cancellarle piccole o grandi imperfezioni, diventa un po\u2019 come una fata turchina moderna.<\/p>\n<p>Queste donne si trovano ad avere a che fare con le parti pi\u00f9 intime di ognuna di noi, avendo un potere enorme: se delle sopracciglia vengono fatte male il volto pu\u00f2 cambiare completamente fattezze, per non parlare di una <a href=\"http:\/\/www.esteticaclv.com\/epilazione-laser-roma\/\">epilazione laser<\/a> sbagliata, peli incarniti o ricrescita repentina, unghie che si spezzano, smalto che si rovina, visi sfregiati a causa di cerette fatte male, insomma, pu\u00f2 succedere un vero disastro.<\/p>\n<p>Queste donne, le fate turchine moderne, come le abbiamo soprannominate, hanno il dono di migliorare la nostra vita (tutto \u00e8 pi\u00f9 positivo se ci sentiamo bene con noi stesse), di coccolarci, di farci sembrare pi\u00f9 belle, di renderci pi\u00f9 sicure di noi, cos\u00ec da poter aprirci al mondo e sorridere mettendo da parte le insicurezze che ogni donna porta con s\u00e9.<\/p>\n<p>E\u2019 la loro grande sensibilit\u00e0 che permette di acquistare fiducia cos\u00ec facilmente, \u00e8 la loro profonda conoscenza dell\u2019animo femminile che aiuta a tirare fuori il meglio da esse, senza forzature, con naturalezza, senza far sentire quel disagio che sarebbe plausibile, stando davanti a una sconosciuta, esibendo e sottolineando le imperfezioni che ci fanno soffrire, che ci sentiamo di odiare, di voler nascondere. Lavorano certamente sulla parte esteriore del corpo ma contemporaneamente nella sua interiorit\u00e0 fino ad indurre le donne ad una consapevolezza diversa, all\u2019ottimismo e all\u2019accettazione.<\/p>\n<p>E\u2019 a loro che chiediamo di renderci come vorremmo essere, splendide, delle vere e proprie principesse.<\/p>\n<p>Se questa professione avesse, oggi, la possibilit\u00e0 di essere alimentata anche da una corretta formazione, l\u2019estetista potrebbe andare incontro ad una crescita professionale senza precedenti.<\/p>\n<p>&nbsp;<\/p>\n<p>A cura di <a href=\"http:\/\/www.esteticaclv.com\/\">Estetica CLV<\/a><\/p>\n","protected":false},"excerpt":{"rendered":"<p>Perch\u00e9 la maggior parte delle donne ha un\u2019estetista di fiducia o un centro estetico a cui fa \u201cvisita\u201d almeno una volta al mese? L\u2019aspetto fisico, al giorno d\u2019oggi, pi\u00f9 che in passato \u00e8, potremmo azzardarci a dire, tutto. In una societ\u00e0 dove pullulano influencer e blogger, dove instagram \u00e8 il social pi\u00f9 utilizzato per l\u2019advertising [&hellip;]<\/p>\n","protected":false},"author":3555,"featured_media":0,"comment_status":"open","ping_status":"open","sticky":false,"template":"","format":"standard","meta":{"footnotes":""},"categories":[4],"tags":[],"class_list":["post-24216","post","type-post","status-publish","format-standard","hentry","category-attualita-e-societa"],"_links":{"self":[{"href":"https:\/\/www.area-press.eu\/comunicatistampa\/wp-json\/wp\/v2\/posts\/24216","targetHints":{"allow":["GET"]}}],"collection":[{"href":"https:\/\/www.area-press.eu\/comunicatistampa\/wp-json\/wp\/v2\/posts"}],"about":[{"href":"https:\/\/www.area-press.eu\/comunicatistampa\/wp-json\/wp\/v2\/types\/post"}],"author":[{"embeddable":true,"href":"https:\/\/www.area-press.eu\/comunicatistampa\/wp-json\/wp\/v2\/users\/3555"}],"replies":[{"embeddable":true,"href":"https:\/\/www.area-press.eu\/comunicatistampa\/wp-json\/wp\/v2\/comments?post=24216"}],"version-history":[{"count":1,"href":"https:\/\/www.area-press.eu\/comunicatistampa\/wp-json\/wp\/v2\/posts\/24216\/revisions"}],"predecessor-version":[{"id":24217,"href":"https:\/\/www.area-press.eu\/comunicatistampa\/wp-json\/wp\/v2\/posts\/24216\/revisions\/24217"}],"wp:attachment":[{"href":"https:\/\/www.area-press.eu\/comunicatistampa\/wp-json\/wp\/v2\/media?parent=24216"}],"wp:term":[{"taxonomy":"category","embeddable":true,"href":"https:\/\/www.area-press.eu\/comunicatistampa\/wp-json\/wp\/v2\/categories?post=24216"},{"taxonomy":"post_tag","embeddable":true,"href":"https:\/\/www.area-press.eu\/comunicatistampa\/wp-json\/wp\/v2\/tags?post=24216"}],"curies":[{"name":"wp","href":"https:\/\/api.w.org\/{rel}","templated":true}]}}