{"id":24202,"date":"2017-09-11T22:09:43","date_gmt":"2017-09-11T20:09:43","guid":{"rendered":"http:\/\/www.area-press.eu\/comunicatistampa\/?p=24202"},"modified":"2017-09-11T22:09:43","modified_gmt":"2017-09-11T20:09:43","slug":"luniversita-lumsa-e-la-fondazione-terzo-pilastro-italia-e-mediterraneo-promuovono-il-master-esperti-in-politica-e-relazioni-internazionali","status":"publish","type":"post","link":"https:\/\/www.area-press.eu\/comunicatistampa\/2017\/09\/11\/luniversita-lumsa-e-la-fondazione-terzo-pilastro-italia-e-mediterraneo-promuovono-il-master-esperti-in-politica-e-relazioni-internazionali\/","title":{"rendered":"L&#8217;Universit\u00e0 Lumsa e la Fondazione Terzo Pilastro-Italia e Mediterraneo promuovono il Master \u2018Esperti in politica e relazioni internazionali\u2019"},"content":{"rendered":"<p><strong>C\u2019\u00e8 tempo fino al 6 ottobre per pre-iscriversi al Master Universitario di II livello per <em>&#8216;Esperti in Politica e Relazioni Internazionali&#8217;<\/em><\/strong><em>, <\/em><strong>promosso da LUMSA \u2013<\/strong> <strong>Libera Universit\u00e0 Maria Ss. Assunta in collaborazione con Fondazione Terzo Pilastro \u2013 Italia e Mediterraneo<\/strong>, ente no-profit che sostiene progetti utili alla collettivit\u00e0 operando quotidianamente in svariati ambiti del vivere sociale, fra cui quello dell\u2019istruzione e della formazione. Giunto alla sua XII edizione, il Master propone un percorso di studio tagliato su misura per formare <strong>&#8216;Policy Maker&#8217;<\/strong>, ovvero quei professionisti della politica capaci di operare in maniera fattiva per fornire risposte concrete ai bisogni della collettivit\u00e0. \u00c8 al contempo un punto di riferimento assoluto per chi desidera intraprendere la carriera diplomatica: \u00e8 infatti riconosciuto dal Ministero degli Esteri come corso idoneo alla preparazione dell&#8217;apposito Concorso.<\/p>\n<p><strong>Un iter formativo qualificato e qualificante \u2013<\/strong> Di durata annuale, il Master fornisce tutte le competenze (a livello giuridico, economico, storico e linguistico) per creare figure professionali in grado di rilanciare il ruolo della politica come massima espressione del servizio in favore della societ\u00e0. Intraprendere la carriera diplomatica, operare all\u2019interno di partiti e movimenti politici o degli organi centrali e periferici dello Stato. Ma anche cogliere le opportunit\u00e0 offerte dall\u2019Unione europea o trovare impiego all\u2019interno di aziende private che operano in campo internazionale. Collaborare con associazioni culturali, con osservatori politici o con centri\u00a0 studi geo-strategici\u2026. sono davvero numerosi e stimolanti gli ambiti professionali di riferimento. Non solo teoria: oltre alle lezioni un aula, il percorso didattico prevede per ogni partecipante un periodo di stage presso istituzioni pubbliche (Parlamento, organi costituzionali, ministeri, enti locali\u2026) o soggetti privati, nonch\u00e9 all&#8217;interno di organismi internazionali e sovranazionali.\u00a0In partenza dal prossimo 16 ottobre (presso la sede dell\u2019Ateneo di Piazza delle Vaschette 101 \u2013 Roma), il Master \u00e8 rivolto a laureati di secondo livello italiani ed europei, nonch\u00e9 a laureati di paesi extra-europei purch\u00e9 in possesso di un titolo di studio equiparato a quello italiano.<\/p>\n<p><strong>30 borse di studio per i pi\u00f9 meritevoli &#8211; <\/strong>In sintonia con la propria mission che la chiama a impegnarsi per lo sviluppo socio-culturale del Paese, <strong>la Fondazione Terzo Pilastro \u2013 Italia e Mediterraneo finanzia 30 borse di studio <\/strong>(25 a copertura totale e 5 a copertura parziale) che vengono assegnate mediante una selezione effettuata da un\u2019apposita Commissione di Valutazione. Dedicata a Fulvio Roma, benemerita personalit\u00e0 del frusinate, <strong>una delle borse a copertura totale \u00e8 riservata a uno studente nato o residente nella provincia di Frosinone<\/strong>.<\/p>\n<p><strong>Scheda del Master<\/strong><\/p>\n<p><strong>&#8211; <\/strong>Sede del Master: Universit\u00e0 LUMSA \u2013 Piazza delle Vaschette 101 (Roma)<\/p>\n<p><strong>&#8211; <\/strong>Pre-iscrizioni: entro il 6 ottobre 2017\u2013 <a href=\"http:\/\/www.lumsa.it\/master\">www.lumsa.it\/master<\/a><\/p>\n<p><strong>&#8211; <\/strong>Selezioni: 10 e 11 ottobre 2017 (occorre inviare domanda di partecipazione entro il 6 ottobre)<\/p>\n<p><strong>&#8211; <\/strong>Inizio corsi: 16 ottobre 2017<\/p>\n<p><strong>&#8211; <\/strong>Numero partecipanti: minimo 20 \u2013 massimo 35<\/p>\n<p><strong>&#8211; <\/strong>Orario lezioni: luned\u00ec-marted\u00ec-mercoled\u00ec-gioved\u00ec di ogni settimana: dalle ore 17.00 alle ore 21.00<\/p>\n<p><strong>&#8211; <\/strong>25 borse di studio a copertura totale dei costi di iscrizione (\u20ac 3.000) e 5 borse di studio a copertura parziale (\u20ac 2.000)<\/p>\n<p><strong>&#8211; <\/strong>La frequenza al Master (per non meno dell&#8217;80% delle attivit\u00e0 complessive) e il superamento delle prove intermedie e dell&#8217;esame finale garantiscono l&#8217;attribuzione di 60 crediti formativi universitari (cfu) e il conseguimento del titolo di Master universitario di II livello.<\/p>\n","protected":false},"excerpt":{"rendered":"<p>C\u2019\u00e8 tempo fino al 6 ottobre per pre-iscriversi al Master Universitario di II livello per &#8216;Esperti in Politica e Relazioni Internazionali&#8217;, promosso da LUMSA \u2013 Libera Universit\u00e0 Maria Ss. Assunta in collaborazione con Fondazione Terzo Pilastro \u2013 Italia e Mediterraneo, ente no-profit che sostiene progetti utili alla collettivit\u00e0 operando quotidianamente in svariati ambiti del vivere [&hellip;]<\/p>\n","protected":false},"author":4134,"featured_media":0,"comment_status":"open","ping_status":"open","sticky":false,"template":"","format":"standard","meta":{"footnotes":""},"categories":[29],"tags":[],"class_list":["post-24202","post","type-post","status-publish","format-standard","hentry","category-comunicati"],"_links":{"self":[{"href":"https:\/\/www.area-press.eu\/comunicatistampa\/wp-json\/wp\/v2\/posts\/24202","targetHints":{"allow":["GET"]}}],"collection":[{"href":"https:\/\/www.area-press.eu\/comunicatistampa\/wp-json\/wp\/v2\/posts"}],"about":[{"href":"https:\/\/www.area-press.eu\/comunicatistampa\/wp-json\/wp\/v2\/types\/post"}],"author":[{"embeddable":true,"href":"https:\/\/www.area-press.eu\/comunicatistampa\/wp-json\/wp\/v2\/users\/4134"}],"replies":[{"embeddable":true,"href":"https:\/\/www.area-press.eu\/comunicatistampa\/wp-json\/wp\/v2\/comments?post=24202"}],"version-history":[{"count":1,"href":"https:\/\/www.area-press.eu\/comunicatistampa\/wp-json\/wp\/v2\/posts\/24202\/revisions"}],"predecessor-version":[{"id":24207,"href":"https:\/\/www.area-press.eu\/comunicatistampa\/wp-json\/wp\/v2\/posts\/24202\/revisions\/24207"}],"wp:attachment":[{"href":"https:\/\/www.area-press.eu\/comunicatistampa\/wp-json\/wp\/v2\/media?parent=24202"}],"wp:term":[{"taxonomy":"category","embeddable":true,"href":"https:\/\/www.area-press.eu\/comunicatistampa\/wp-json\/wp\/v2\/categories?post=24202"},{"taxonomy":"post_tag","embeddable":true,"href":"https:\/\/www.area-press.eu\/comunicatistampa\/wp-json\/wp\/v2\/tags?post=24202"}],"curies":[{"name":"wp","href":"https:\/\/api.w.org\/{rel}","templated":true}]}}