{"id":24133,"date":"2017-09-09T20:26:03","date_gmt":"2017-09-09T18:26:03","guid":{"rendered":"http:\/\/www.area-press.eu\/comunicatistampa\/?p=24133"},"modified":"2017-09-09T20:26:03","modified_gmt":"2017-09-09T18:26:03","slug":"misure-straordinarie-di-sostegno-al-reddito-per-licenziati-a-seguito-del-sisma-isola-dischia","status":"publish","type":"post","link":"https:\/\/www.area-press.eu\/comunicatistampa\/2017\/09\/09\/misure-straordinarie-di-sostegno-al-reddito-per-licenziati-a-seguito-del-sisma-isola-dischia\/","title":{"rendered":"Misure straordinarie di sostegno al reddito per licenziati a seguito del sisma Isola d\u2019Ischia"},"content":{"rendered":"<p><strong>Ass. Palmeri: \u201c<em>Il terremoto non potr\u00e0 mai vincere sull&#8217;operosit\u00e0, la solidariet\u00e0 e passione di un&#8217;intera Regione\u201d.<\/em><\/strong><\/p>\n<p>&nbsp;<\/p>\n<p>Il sisma del 21 agosto 2017 ha determinato, oltre alla dolorosa perdita di vite umane, danni agli immobili, alle strutture alberghiere, al commercio ed al comparto turistico in generale.<\/p>\n<p><strong>La macchina dei soccorsi \u00e8 stata encomiabile. <\/strong><\/p>\n<p>Il Presidente <strong>Vincenzo De Luca<\/strong> ha fatto sentire forte e chiara la sua presenza.<\/p>\n<p><em>\u201cDal fronte lavoro, giorno dopo giorno, di concerto con gli uffici dell&#8217;INPS, con l\u2019osservatorio metropolitano del lavoro, l&#8217;osservatorio regionale del lavoro e tutte le strutture regionali, ho monitorato caso per caso tutte le cessazioni di rapporto a causa del sisma intervenute dal 22 agosto. &#8211; <\/em><strong>dichiara l\u2019assessore al Lavoro, <a href=\"http:\/\/www.regione.campania.it\/regione\/it\/regione\/giunta\/sonia-palmeri\">Sonia Palmeri<\/a><\/strong><\/p>\n<p><em>Non basta per\u00f2 tenere conto solo dei lavoratori dipendenti, ma anche degli autonomi e dei collaboratori che comunque prestavano la loro attivit\u00e0 sull&#8217;Isola verde, che a causa del terremoto improvvisamente sono senza possibilit\u00e0 di lavoro.<\/em><\/p>\n<p><em>Ho chiesto, quindi, al Ministro del Lavoro Poletti un intervento straordinario in tal senso, in analogia a quanto il Governo ha gi\u00e0 realizzato con il dl 189 dell&#8217;ottobre 2016 per le 4 regioni interessate dal sisma del 24 agosto 2016).<\/em><\/p>\n<p><em>Nel contempo abbiamo chiesto all&#8217;INPS di avere massima speditezza nell&#8217;erogazione dell&#8217;indennit\u00e0 di disoccupazione NASPI, chiedendo, se necessario, il supporto operativo di altre sedi INPS per il disbrigo delle pratiche.<\/em><\/p>\n<p><em>Il terremoto non potr\u00e0 mai vincere sull&#8217;operosit\u00e0, la solidariet\u00e0 e passione di un&#8217;intera Regione che sta reagendo alla ferita subita, dimostrando al resto d&#8217;Italia e oltre, che siamo depositari di una eccezionale bellezza di luoghi, cultura e arte che difendiamo con forza!\u201d- <\/em><strong>conclude poi l\u2019<a href=\"https:\/\/www.facebook.com\/assessoresoniapalmeri\/\">assessore<\/a>.<\/strong><\/p>\n<p>&nbsp;<\/p>\n<p>&nbsp;<\/p>\n<p><strong>SEGRETERIA ASSESSORE REGIONALE AL LAVORO SONIA PALMERI<\/strong><\/p>\n","protected":false},"excerpt":{"rendered":"<p>Ass. Palmeri: \u201cIl terremoto non potr\u00e0 mai vincere sull&#8217;operosit\u00e0, la solidariet\u00e0 e passione di un&#8217;intera Regione\u201d. &nbsp; Il sisma del 21 agosto 2017 ha determinato, oltre alla dolorosa perdita di vite umane, danni agli immobili, alle strutture alberghiere, al commercio ed al comparto turistico in generale. La macchina dei soccorsi \u00e8 stata encomiabile. Il Presidente [&hellip;]<\/p>\n","protected":false},"author":4594,"featured_media":0,"comment_status":"open","ping_status":"open","sticky":false,"template":"","format":"standard","meta":{"footnotes":""},"categories":[11],"tags":[15378],"class_list":["post-24133","post","type-post","status-publish","format-standard","hentry","category-lavoro","tag-palmeri"],"_links":{"self":[{"href":"https:\/\/www.area-press.eu\/comunicatistampa\/wp-json\/wp\/v2\/posts\/24133","targetHints":{"allow":["GET"]}}],"collection":[{"href":"https:\/\/www.area-press.eu\/comunicatistampa\/wp-json\/wp\/v2\/posts"}],"about":[{"href":"https:\/\/www.area-press.eu\/comunicatistampa\/wp-json\/wp\/v2\/types\/post"}],"author":[{"embeddable":true,"href":"https:\/\/www.area-press.eu\/comunicatistampa\/wp-json\/wp\/v2\/users\/4594"}],"replies":[{"embeddable":true,"href":"https:\/\/www.area-press.eu\/comunicatistampa\/wp-json\/wp\/v2\/comments?post=24133"}],"version-history":[{"count":1,"href":"https:\/\/www.area-press.eu\/comunicatistampa\/wp-json\/wp\/v2\/posts\/24133\/revisions"}],"predecessor-version":[{"id":24134,"href":"https:\/\/www.area-press.eu\/comunicatistampa\/wp-json\/wp\/v2\/posts\/24133\/revisions\/24134"}],"wp:attachment":[{"href":"https:\/\/www.area-press.eu\/comunicatistampa\/wp-json\/wp\/v2\/media?parent=24133"}],"wp:term":[{"taxonomy":"category","embeddable":true,"href":"https:\/\/www.area-press.eu\/comunicatistampa\/wp-json\/wp\/v2\/categories?post=24133"},{"taxonomy":"post_tag","embeddable":true,"href":"https:\/\/www.area-press.eu\/comunicatistampa\/wp-json\/wp\/v2\/tags?post=24133"}],"curies":[{"name":"wp","href":"https:\/\/api.w.org\/{rel}","templated":true}]}}