{"id":24114,"date":"2017-09-08T16:49:17","date_gmt":"2017-09-08T14:49:17","guid":{"rendered":"http:\/\/www.area-press.eu\/comunicatistampa\/?p=24114"},"modified":"2017-09-08T16:49:17","modified_gmt":"2017-09-08T14:49:17","slug":"my-escort-lestate-sta-finendo-e-la-loro-reinterpretazione-del-brano-dei-righeira","status":"publish","type":"post","link":"https:\/\/www.area-press.eu\/comunicatistampa\/2017\/09\/08\/my-escort-lestate-sta-finendo-e-la-loro-reinterpretazione-del-brano-dei-righeira\/","title":{"rendered":"My Escort, &#8220;L&#8217;estate sta finendo&#8221; \u00e8 la loro reinterpretazione del brano dei Righeira"},"content":{"rendered":"<h2 style=\"text-align: center\"><strong>\u201cL\u2019ESTATE STA FINENDO\u201d \u00c8 LA REINTERPRETAZIONE DEL BRANO DEI RIGHEIRA CHE ACCOMPAGNA LA SECONDA PARTE DELLA TRILOGIA<\/strong><\/h2>\n<h2 style=\"text-align: center\"><strong>\u00a0\u201cPARENTESI ESTIVE\u201d<\/strong><strong>\u00a0<\/strong><\/h2>\n<h3 style=\"text-align: center\"><strong><em>Un velo di sana malinconia che caratterizza la fase di passaggio fra quello che \u00e8 stato e quello che sar\u00e0, avvolge la personale ed originale riedizione di un brano-icona degli anni \u201980. <\/em><\/strong><\/h3>\n<p>Il secondo singolo del progetto \u201cParentesi estive\u201d vuole rappresentare il buio, l&#8217;uomo, il freddo, l&#8217;introversione, la malinconia, il blu. <strong>Si sottolinea il concetto di solitudine <\/strong>legato anche alla considerazione che nel bene e nel male noi uomini siamo essenzialmente soli, perennemente in lotta contro un fato beffardo e una scarsa lungimiranza che ci porta a confrontarci spesso con accadimenti dolorosi, difficili da affrontare, nonostante inizialmente ci sembrino dolci e pieni di promesse.<\/p>\n<p><em>\u00abMi piace pensare per\u00f2 che nonostante tutto, il brano esprima almeno una <strong>quota positiva.<\/strong> Non di tristezza fine a se stessa, ma con una parte di consapevolezza e di malinconia, quella tipica settembrina in cui sappiamo che nonostante l&#8217;estate sta per terminare, ne torner\u00e0 una nuova l&#8217;anno venturo e con essa un nuovo ciclo, anche emotivo\u00bb. <\/em><strong>Alessio, My Escort<\/strong><\/p>\n<p><em>\u00ab<\/em>L&#8217;estate sta finendo dei Righeira \u00e8 sempre stato per me, a dispetto dell&#8217;arrangiamento solare e divertito, un brano di intensa potenza drammatica. Con un testo molto semplice e diretto \u00e8 riuscito fin dal primo ascolto a toccare in profondit\u00e0 un immaginario ancora da forgiare ma sicuramente teso alla malinconia.<br \/>\nAi tempi avevo 9 anni e oggi come ieri le sensazioni che mi pervadono ascoltando il brano originale sono quelle di mancanza, di freddo, agrodolci proprio come la fine dell&#8217;estate, con la sensazione netta che il tempo sia inarrestabile, nonostante tutti i nostri sforzi. Ho sempre desiderato confrontarmi con questa canzone, vestendola coi nostri suoni, le nostre visioni, e l&#8217;idea dietro a \u201cParentesi estive\u201d ci \u00e8 sembrata una rima baciata con questa cover. L&#8217;apertura della nostra parentesi col ritornello che canta a maggio \u201cl&#8217;estate non passer\u00e0\u201d, il tempo che indifferente prosegue il suo corso arrivando come ogni anno a settembre, un mese sentito da tutti come un \u201ccompleanno\u201d dell&#8217;anima e la frase che un po&#8217; temevamo ma che non potevamo schivare che canta \u201cl&#8217;estate sta finendo\u201d. E&#8217; un po&#8217; come dire che non sappiamo come andranno le cose, potrebbero anche finire male, ma vale comunque la pena viversele a pieno perch\u00e9 nel viaggio la cosa fondamentale non \u00e8 necessariamente la meta, che magari nemmeno si raggiunger\u00e0. Ci\u00f2 che conta \u00e8 quanto si incontra lungo il percorso, le esperienze, la nostra formazione, la nostra crescita come individui. <strong>Nel viaggio, ci\u00f2 che conta davvero \u00e8 il viaggio stesso<\/strong><em>\u00bb. <\/em><strong>Alessio, My Escort <\/strong><\/p>\n<p>&nbsp;<\/p>\n<p><strong>BIO<\/strong><\/p>\n<p><strong>\u00a0<\/strong><\/p>\n<p>\u2013 <strong>I^ era, le origini<\/strong> (2010 \u2013 febbraio 2012)<\/p>\n<p>Intenzionato a portare avanti il progetto Alessio, a seguito di un incontro con Luca Agerde forma i <strong>My Escort <\/strong>e assieme ad altri due musicisti (<strong>Marco Sold\u00e0<\/strong> alla batteria e <strong>Alex Zerbinati<\/strong> alla chitarra) contatta il produttore artistico losangelino <strong>Ronan-Chris Murphy<\/strong>.<\/p>\n<p>Per questioni prettamente logistiche, dopo un lavoro iniziale di arrangiamento e pre-produzione la band torna ad essere un duo.<\/p>\n<p>\u2013 <strong>II^ era, Canzoni in ritardo<\/strong> (2012 \u2013 2014)<\/p>\n<p>Si uniscono due nuovi elementi (<strong>Giacomo \u201cFuria\u201d Furiassi <\/strong>alla batteria e <strong>Alberto \u201cHarrison\u201d Marchetti <\/strong>alla chitarra) le persone giuste al momento giusto che permettono di portare finalmente a termine la produzione di <strong><u>Canzoni in Ritardo<\/u><\/strong> (il primo album) grazie anche al felice contributo di <strong>Matteo Franzan<\/strong> in cabina di regia.<\/p>\n<p>&nbsp;<\/p>\n<p>\u2013 <strong>III^ era, Daniele Trevisan<\/strong> (maggio 2014 \u2013 giugno 2016)<\/p>\n<p>Differenti visioni artistiche si tradurranno in un nuovo avvicendamento con l\u2019uscita di Furia e Harrison e l\u2019arrivo in pianta stabile di <strong>Daniele Trevisan <\/strong>alla chitarra (marzo 2014), <strong>Alberto Rosa <\/strong>alla seconda chitarra (novembre 2014), <strong>Giulio Burato <\/strong>alla batteria (novembre 2015).<\/p>\n<p>&#8211; <strong>IV^ era, in cerca di stabilit\u00e0<\/strong> (luglio 2016 \u2013 febbraio 2017)<br \/>\nPer difficolt\u00e0 logistiche legate alla professione, <strong>Alberto<\/strong> esce dal gruppo. Lo sostituisce <strong>Davide Traforti <\/strong>(settembre 2016).<\/p>\n<p>Per difficolt\u00e0 logistiche legate alla professione, anche <strong>Giulio <\/strong>lascia la band.<\/p>\n<p>(novembre 2016 \u2013 marzo 2017): <strong>Antonio <\/strong>subentra alla batteria.<\/p>\n<p>&nbsp;<\/p>\n<p><strong>&#8211; V era, Parentesi estive <\/strong>(marzo 2017 \u2013 presente)<\/p>\n<p>La band inizia a marzo la pre-produzione del nuovo materiale post C.I.R..<\/p>\n<p>&#8220;<strong>Parentesi estive<\/strong>&#8221; sar\u00e0 il titolo di un EP di tre brani che usciranno scadenzati dall&#8217;inizio alla fine dell&#8217;estate accompagnati da un cortometraggio a sua volta serializzato in 3 episodi.<\/p>\n<ol>\n<li>a) &#8220;Parentesi estive&#8221; \u00e8 anche il nome del primo singolo ed esce il 5 maggio.<\/li>\n<\/ol>\n<p>Nel frattempo per incompatibilit\u00e0 caratteriali Antonio esce dalla band, lo sostituir\u00e0 <strong>Milan Stevanovic <\/strong>in aprile, sin dalle sessioni di registrazioni del nuovo EP, portando dopo anni quella stabilit\u00e0 e quel sound tanto cercati sin dagli albori.<\/p>\n<p>Un mese dopo esce anche &#8220;<strong>lost in the sun&#8221;<\/strong> la versione inglese di &#8220;parentesi estive&#8221;, leggermente rimaneggiata sia a livello metrico che di arrangiamento.<\/p>\n<ol>\n<li>b) &#8220;L&#8217;estate sta finendo&#8221; \u00e8 il nome del secondo estratto da &#8220;parentesi estive&#8221;. La cover dei Righeira rivista secondo la sensibilit\u00e0 della band esce il 1\u00b0 di settembre.<\/li>\n<\/ol>\n<p>&nbsp;<\/p>\n<p><strong>La band:<\/strong><\/p>\n<p><strong>\u00a0<\/strong><strong>&#8211; Alessio Montagna: piano e voce<\/strong><\/p>\n<p><strong>&#8211; Luca Agerde: basso<\/strong><\/p>\n<p><strong>&#8211; Daniele Trevisan: chitarre<\/strong><\/p>\n<p><strong>&#8211; Davide Traforti: chitarre<\/strong><\/p>\n<p><strong>&#8211; Milan Stevanovic: batteria<\/strong><\/p>\n<p>&nbsp;<\/p>\n<p>&nbsp;<\/p>\n<p><strong><u>Contatti e social<\/u><\/strong><\/p>\n<p><strong>OFFICIAL WEBSITE <a href=\"http:\/\/www.myescortband.com\/\">www.myescortband.com\/<\/a><br \/>\nTWITTER <a href=\"https:\/\/twitter.com\/my_escort\">https:\/\/twitter.com\/my_escort<\/a><br \/>\nYOUTUBE <a href=\"http:\/\/www.youtube.com\/channel\/UCRdZbCbutWQ0RJCnr9l2Pfw\">www.youtube.com\/channel\/UCRdZbCbutWQ0RJCnr9l2Pfw<\/a><br \/>\nFACEBOOK www.facebook.com\/MyEsBand<br \/>\nINSTAGRAM www.instagram.com\/my_escort\/<br \/>\nSPOTIFY https:\/\/open.spotify.com\/artist\/4tNu2ll4lUs9RodlsXzNYR<\/strong><\/p>\n","protected":false},"excerpt":{"rendered":"<p>\u201cL\u2019ESTATE STA FINENDO\u201d \u00c8 LA REINTERPRETAZIONE DEL BRANO DEI RIGHEIRA CHE ACCOMPAGNA LA SECONDA PARTE DELLA TRILOGIA \u00a0\u201cPARENTESI ESTIVE\u201d\u00a0 Un velo di sana malinconia che caratterizza la fase di passaggio fra quello che \u00e8 stato e quello che sar\u00e0, avvolge la personale ed originale riedizione di un brano-icona degli anni \u201980. Il secondo singolo del [&hellip;]<\/p>\n","protected":false},"author":4383,"featured_media":0,"comment_status":"open","ping_status":"open","sticky":false,"template":"","format":"standard","meta":{"footnotes":""},"categories":[29,12],"tags":[15361,2990,721,9776,4245,14031],"class_list":["post-24114","post","type-post","status-publish","format-standard","hentry","category-comunicati","category-musica","tag-lestate-sta-finendo","tag-music","tag-musica","tag-musica-emergente","tag-musica-italiana","tag-my-escort"],"_links":{"self":[{"href":"https:\/\/www.area-press.eu\/comunicatistampa\/wp-json\/wp\/v2\/posts\/24114","targetHints":{"allow":["GET"]}}],"collection":[{"href":"https:\/\/www.area-press.eu\/comunicatistampa\/wp-json\/wp\/v2\/posts"}],"about":[{"href":"https:\/\/www.area-press.eu\/comunicatistampa\/wp-json\/wp\/v2\/types\/post"}],"author":[{"embeddable":true,"href":"https:\/\/www.area-press.eu\/comunicatistampa\/wp-json\/wp\/v2\/users\/4383"}],"replies":[{"embeddable":true,"href":"https:\/\/www.area-press.eu\/comunicatistampa\/wp-json\/wp\/v2\/comments?post=24114"}],"version-history":[{"count":1,"href":"https:\/\/www.area-press.eu\/comunicatistampa\/wp-json\/wp\/v2\/posts\/24114\/revisions"}],"predecessor-version":[{"id":24115,"href":"https:\/\/www.area-press.eu\/comunicatistampa\/wp-json\/wp\/v2\/posts\/24114\/revisions\/24115"}],"wp:attachment":[{"href":"https:\/\/www.area-press.eu\/comunicatistampa\/wp-json\/wp\/v2\/media?parent=24114"}],"wp:term":[{"taxonomy":"category","embeddable":true,"href":"https:\/\/www.area-press.eu\/comunicatistampa\/wp-json\/wp\/v2\/categories?post=24114"},{"taxonomy":"post_tag","embeddable":true,"href":"https:\/\/www.area-press.eu\/comunicatistampa\/wp-json\/wp\/v2\/tags?post=24114"}],"curies":[{"name":"wp","href":"https:\/\/api.w.org\/{rel}","templated":true}]}}