{"id":24097,"date":"2017-09-08T04:25:00","date_gmt":"2017-09-08T02:25:00","guid":{"rendered":"http:\/\/www.area-press.eu\/comunicatistampa\/?p=24097"},"modified":"2017-09-08T04:25:00","modified_gmt":"2017-09-08T02:25:00","slug":"la-casa-da-un-albero-vivere-cool-2","status":"publish","type":"post","link":"https:\/\/www.area-press.eu\/comunicatistampa\/2017\/09\/08\/la-casa-da-un-albero-vivere-cool-2\/","title":{"rendered":"La casa da un albero vivere &#8220;cool&#8221;"},"content":{"rendered":"<p style=\"text-align: justify\"><b><i>Il Legno, dalla Natura alle Cose<\/i><\/b>, manifestazione alla sua quinta edizione voluta e ideata dalla\u00a0<a href=\"http:\/\/www.museotinosana.it\/\"><b>Fondazione Museo del Falegname<\/b><\/a><b>\u00a0Tino Sana<\/b>, che riunisce le principali aziende del territorio del settore legno con l\u2019intento di diffondere la cultura della materia, partecipa all\u2019edizione 2017 de\u00a0<b>I Maestri del Paesaggio<\/b>\u00a0dal 7 al 24 settembre con una mostra dedicata all\u2019abitare.<\/p>\n<p style=\"text-align: justify\">Abitare il pianeta \u00e8 come abitare la propria casa e pu\u00f2 essere fatto in modo naturale. \u00c8 questo il messaggio che le 35 aziende de\u00a0<i>Il Legno, dalla Natura alla Cose<\/i>\u00a0vogliono trasmettere con la mostra\u00a0<b>La Casa da un Albero \u2013 Vivere \u201cCool\u201d<\/b>\u00a0progettata dallo Studio\u00a0<b>Basaglia e Rota Nodari Architetti Associati.<\/b>\u00a0Come un uccellino raccoglie i ramoscelli di legno per costruire il proprio nido, cos\u00ec anche l&#8217;uomo ha a disposizione moltissime possibilit\u00e0 per utilizzare un materiale nobile, naturale ed infinitamente rinnovabile come il legno, per costruire il proprio habitat domestico.<\/p>\n<p style=\"text-align: justify\">\u00ab<b>Il nido da un albero\u00bb,<\/b>\u00a0l\u2019installazione in Piazza Vittorio Veneto in citt\u00e0 bassa ha anticipato la mostra e\u00a0<b>rappresenta\u00a0<\/b>la culla primordiale:\u00a0<b>il nido, infatti, \u00e8 la casa in natura.\u00a0<\/b>Si presenta come uno spazio arioso ma protetto, fuori scala, dove ciascuno si sentir\u00e0 accolto. Come in ogni nido, si sono posati piccoli uccellini mentre grandi\u00a0<b>uova<\/b>\u00a0in cedro deposte sul pavimento rappresentano la vita che deve ancora venire, la sua fragilit\u00e0 e al tempo stesso la sua forza.<\/p>\n<p style=\"text-align: justify\">Il messaggio de\u00a0<i>Il Legno dalla Natura alle Cose<\/i>,\u00a0<b>\u201cUsa il legno, proteggi l\u2019ambiente\u201d,\u00a0<\/b>si diffonde in tutta la citt\u00e0: 100 esercizi commerciali espongono nelle vetrine di citt\u00e0 bassa e citt\u00e0 alta le Ovoteche, con sei nuove essenze da collezionare, e le mani in legno simbolo dell\u2019iniziativa e del saper fare delle aziende che la sostengono.<\/p>\n<p style=\"text-align: justify\">Seguendo il volo degli uccellini si arriva in Piazza vecchia a Bergamo, dove lungo lo scalone d\u2019ingresso di Palazzo Podest\u00e0 si sono posati decine di uccellini che guidano il visitatore verso la sala dei Giuristi, reinterpretata per la mostra\u00a0<b>La Casa da un Albero \u2013Vivere \u201cCool\u201d<\/b>\u00a0come un ambiente domestico. Un&#8217;intera casa ricavata dall&#8217;elemento che rappresenta da sempre la natura: l&#8217;Albero. Il calore ed il profumo del legno, che ciascun oggetto esposto emana, creano un&#8217;atmosfera surreale che fa da contrappunto alla sobriet\u00e0 dell&#8217;edificio medioevale.<\/p>\n<p style=\"text-align: justify\">\u201c<i>Con il progetto di quest\u2019anno abbiamo voluto rappresentare in maniera concreta tutta la filiera del legno, dalla materia prima all\u2019oggetto finito, ricreando gli spazi del vivere quotidiano in modo gerarchico. Si parte dallo spazio pi\u00f9 intimo della zona notte e fitness, passando attraverso la zona living\u00a0 dove condividiamo il nostro tempo con famigliari ed amici fino ad arrivare all\u2019area pi\u00f9 pubblica rappresentata dall\u2019out door.<\/i>\u201d \u2013 commenta l\u2019architetto Alberto Basaglia, curatore dell\u2019esposizione insieme all\u2019architetto Natalia Rota Nodari.<\/p>\n<p style=\"text-align: justify\">Le 35 aziende sono unite le une alle altre da un filo rosso, ovvero il loro amore per una materia prima, il piacere di saperla lavorare con passione e la voglia di trasmettere agli avventori maggiore consapevolezza del legno. Le nostre scelte di tutti i giorni, infatti, possono influire in modo positivo sulle grandi tematiche ambientali come l&#8217;effetto serra. \u00c8 una responsabilit\u00e0 ma anche un piacere e questa esposizione lo dimostra. Si pu\u00f2 essere ecofriendly e cool contemporaneamente.<\/p>\n<p style=\"text-align: justify\">All\u2019ingresso della mostra, dal 4 al 27 settembre \u00e8 inoltre possibile acquistare due icone de\u00a0<b><i>Il Legno, dalla Natura alle Cose<\/i>: l\u2019uccellino,\u00a0<\/b>protagonista dell\u2019installazione in citt\u00e0 bassa e la seconda edizione dell\u2019\u00a0<b>Ovoteca,\u00a0<\/b>con\u00a0<b>sei nuove essenze numerate da collezionare<\/b>, per diffondere la cultura del legno e\u00a0<b>promuovere la solidariet\u00e0<\/b>. Infatti, il ricavato dalla vendita delle ovoteche sar\u00e0 donato al reparto Pediatrico dell\u2019Ospedale Papa Giovanni XXIII di Bergamo.<\/p>\n","protected":false},"excerpt":{"rendered":"<p>Il Legno, dalla Natura alle Cose, manifestazione alla sua quinta edizione voluta e ideata dalla\u00a0Fondazione Museo del Falegname\u00a0Tino Sana, che riunisce le principali aziende del territorio del settore legno con l\u2019intento di diffondere la cultura della materia, partecipa all\u2019edizione 2017 de\u00a0I Maestri del Paesaggio\u00a0dal 7 al 24 settembre con una mostra dedicata all\u2019abitare. Abitare il [&hellip;]<\/p>\n","protected":false},"author":3407,"featured_media":0,"comment_status":"open","ping_status":"open","sticky":false,"template":"","format":"standard","meta":{"footnotes":""},"categories":[5,8,17],"tags":[15351],"class_list":["post-24097","post","type-post","status-publish","format-standard","hentry","category-aziendali","category-eventi","category-turismo","tag-lacasadaunalbero-viverecool-legnodallanaturaallecose-bergamo-mostra-legno"],"_links":{"self":[{"href":"https:\/\/www.area-press.eu\/comunicatistampa\/wp-json\/wp\/v2\/posts\/24097","targetHints":{"allow":["GET"]}}],"collection":[{"href":"https:\/\/www.area-press.eu\/comunicatistampa\/wp-json\/wp\/v2\/posts"}],"about":[{"href":"https:\/\/www.area-press.eu\/comunicatistampa\/wp-json\/wp\/v2\/types\/post"}],"author":[{"embeddable":true,"href":"https:\/\/www.area-press.eu\/comunicatistampa\/wp-json\/wp\/v2\/users\/3407"}],"replies":[{"embeddable":true,"href":"https:\/\/www.area-press.eu\/comunicatistampa\/wp-json\/wp\/v2\/comments?post=24097"}],"version-history":[{"count":1,"href":"https:\/\/www.area-press.eu\/comunicatistampa\/wp-json\/wp\/v2\/posts\/24097\/revisions"}],"predecessor-version":[{"id":24098,"href":"https:\/\/www.area-press.eu\/comunicatistampa\/wp-json\/wp\/v2\/posts\/24097\/revisions\/24098"}],"wp:attachment":[{"href":"https:\/\/www.area-press.eu\/comunicatistampa\/wp-json\/wp\/v2\/media?parent=24097"}],"wp:term":[{"taxonomy":"category","embeddable":true,"href":"https:\/\/www.area-press.eu\/comunicatistampa\/wp-json\/wp\/v2\/categories?post=24097"},{"taxonomy":"post_tag","embeddable":true,"href":"https:\/\/www.area-press.eu\/comunicatistampa\/wp-json\/wp\/v2\/tags?post=24097"}],"curies":[{"name":"wp","href":"https:\/\/api.w.org\/{rel}","templated":true}]}}