{"id":24073,"date":"2017-09-07T15:45:20","date_gmt":"2017-09-07T13:45:20","guid":{"rendered":"http:\/\/www.area-press.eu\/comunicatistampa\/?p=24073"},"modified":"2017-09-07T15:45:20","modified_gmt":"2017-09-07T13:45:20","slug":"massimo-reale-guidera-larea-commerciale-in-euler-hermes-italia","status":"publish","type":"post","link":"https:\/\/www.area-press.eu\/comunicatistampa\/2017\/09\/07\/massimo-reale-guidera-larea-commerciale-in-euler-hermes-italia\/","title":{"rendered":"Massimo Reale guider\u00e0 l\u2019area commerciale in Euler Hermes Italia"},"content":{"rendered":"<p><a href=\"http:\/\/www.eulerhermes.it\/\">Euler Hermes<\/a>, societ\u00e0 del Gruppo Allianz e leader mondiale dell\u2019assicurazione dei crediti commerciali, ha nominato, a partire dal 1\u00b0 settembre, <strong>Massimo Reale <\/strong>Direttore Market Management Commercial and Distribution (MMCD) per Euler Hermes Italia.<\/p>\n<p>Massimo Reale, attuale Direttore Risk &amp; Information, Claims and Collections (RICC) della filiale italiana di Euler Hermes, prender\u00e0 il posto di Andrea Misticoni e riporter\u00e0 a Loeiz Limon Duparcmeur, Country Manager per l\u2019Italia.<\/p>\n<p>Laureato presso l\u2019Universit\u00e0 di Bari in Economia e Commercio e abilitato alla professione di dottore commercialista, Massimo Reale \u00e8 entrato in Euler Hermes Italia nel 2001 dopo una esperienza presso Banca Antonveneta. In EH Italia ha assunto ruoli di crescente responsabilit\u00e0 fino a diventare membro del comitato di direzione nel 2015 . Risponderanno direttamente a Reale: Monica Barcarollo, Head of Distribution, Mauro Povia, Head of Commercial Underwriting e Domenico Lup, Head of Market Management &amp; Customer Service.<\/p>\n<p>\u201cGrazie alla lunga esperienza nella gestione del rischio di credito ed alla profonda conoscenza del tessuto industriale, a Massimo sar\u00e0 affidato il compito di trasformare profondamente l\u2019area commerciale. Guider\u00e0 l\u2019ampliamento dell\u2019offerta prodotti di Euler Hermes unitamente al suo completo passaggio nell\u2019era digitale. La sua expertise nell\u2019area rischi unita alle attivit\u00e0 commerciali consentir\u00e0 un ulteriore miglioramento nel servizio ai clienti. Siamo certi che Massimo riuscir\u00e0 a rafforzare ed a estendere la nostra leadership sul mercato\u201d, ha dichiarato Loeiz Limon Duparcmeur, Country manager EH Italia.<\/p>\n","protected":false},"excerpt":{"rendered":"<p>Euler Hermes, societ\u00e0 del Gruppo Allianz e leader mondiale dell\u2019assicurazione dei crediti commerciali, ha nominato, a partire dal 1\u00b0 settembre, Massimo Reale Direttore Market Management Commercial and Distribution (MMCD) per Euler Hermes Italia. Massimo Reale, attuale Direttore Risk &amp; Information, Claims and Collections (RICC) della filiale italiana di Euler Hermes, prender\u00e0 il posto di Andrea [&hellip;]<\/p>\n","protected":false},"author":4629,"featured_media":0,"comment_status":"open","ping_status":"open","sticky":false,"template":"","format":"standard","meta":{"footnotes":""},"categories":[29],"tags":[],"class_list":["post-24073","post","type-post","status-publish","format-standard","hentry","category-comunicati"],"_links":{"self":[{"href":"https:\/\/www.area-press.eu\/comunicatistampa\/wp-json\/wp\/v2\/posts\/24073","targetHints":{"allow":["GET"]}}],"collection":[{"href":"https:\/\/www.area-press.eu\/comunicatistampa\/wp-json\/wp\/v2\/posts"}],"about":[{"href":"https:\/\/www.area-press.eu\/comunicatistampa\/wp-json\/wp\/v2\/types\/post"}],"author":[{"embeddable":true,"href":"https:\/\/www.area-press.eu\/comunicatistampa\/wp-json\/wp\/v2\/users\/4629"}],"replies":[{"embeddable":true,"href":"https:\/\/www.area-press.eu\/comunicatistampa\/wp-json\/wp\/v2\/comments?post=24073"}],"version-history":[{"count":1,"href":"https:\/\/www.area-press.eu\/comunicatistampa\/wp-json\/wp\/v2\/posts\/24073\/revisions"}],"predecessor-version":[{"id":24074,"href":"https:\/\/www.area-press.eu\/comunicatistampa\/wp-json\/wp\/v2\/posts\/24073\/revisions\/24074"}],"wp:attachment":[{"href":"https:\/\/www.area-press.eu\/comunicatistampa\/wp-json\/wp\/v2\/media?parent=24073"}],"wp:term":[{"taxonomy":"category","embeddable":true,"href":"https:\/\/www.area-press.eu\/comunicatistampa\/wp-json\/wp\/v2\/categories?post=24073"},{"taxonomy":"post_tag","embeddable":true,"href":"https:\/\/www.area-press.eu\/comunicatistampa\/wp-json\/wp\/v2\/tags?post=24073"}],"curies":[{"name":"wp","href":"https:\/\/api.w.org\/{rel}","templated":true}]}}