{"id":23934,"date":"2017-09-04T17:50:23","date_gmt":"2017-09-04T15:50:23","guid":{"rendered":"http:\/\/www.area-press.eu\/comunicatistampa\/?p=23934"},"modified":"2017-09-04T17:50:23","modified_gmt":"2017-09-04T15:50:23","slug":"da-venerdi-8-a-domenica-10-settembre-a-castel-maggiore-street-food-musica-balli-e-moda-il-9-arriva-cristina-davena","status":"publish","type":"post","link":"https:\/\/www.area-press.eu\/comunicatistampa\/2017\/09\/04\/da-venerdi-8-a-domenica-10-settembre-a-castel-maggiore-street-food-musica-balli-e-moda-il-9-arriva-cristina-davena\/","title":{"rendered":"DA VENERD\u00cc 8 A DOMENICA 10 SETTEMBRE A CASTEL MAGGIORE:  STREET FOOD, MUSICA, BALLI E MODA.  IL 9 ARRIVA CRISTINA D\u2019AVENA"},"content":{"rendered":"<p>Le vacanze sono finite, ma settembre \u00e8 un mese ricco di opportunit\u00e0 per uscire e godersi fino a tarda sera le miti temperature di fine estate.<\/p>\n<p>Le proposte mirano soprattutto ad offrire a grandi e piccoli l\u2019occasione di assaporare ancora per un po\u2019 il clima di relax e divertimento del periodo estivo, anche se il lavoro \u00e8 gi\u00e0 iniziato e stanno anche per riprendere gli impegni scolastici di bambini e ragazzi.<\/p>\n<p>Ecco allora le idee del centro commerciale Le Piazze di Castel Maggiore per il secondo week end del mese: innanzitutto street food dalle 16.00, con la possibilit\u00e0 di gustare le preparazioni tradizionali del cibo di strada, in modo informale, in una atmosfera di convivialit\u00e0 allegra e spensierata.<\/p>\n<p>Venerd\u00ec 8 settembre da non perdere alle 21.00 la sfilata di moda, organizzata dagli operatori del centro: modelle e modelli indosseranno con stile, simpatia ed eleganza capi e accessori della stagione autunno\/inverno, per un evento che unisce moda e bellezza, glamour e spettacolo.<\/p>\n<p>Inoltre, musica con dj e giochi per bambini.<\/p>\n<p><strong>SPETTACOLO DI CRISTINA D\u2019AVENA: UN EVENTO DA NON PERDERE\u2026MAI! <\/strong><\/p>\n<p><em>Ciurma! Andiamo tutti all&#8217;arrembaggio, forza<\/em>\u2026: quando si sente il nome di Cristina D\u2019Avena \u00e8 impossibile che non vengano in mente a chiunque, ad ogni et\u00e0, le parole e la melodia di qualche sigla di cartoni e serie animate.<\/p>\n<p>All\u2019Arrembaggio \u00e8 solo una delle centinaia di sigle la cantante bolognese ha inciso: <a href=\"https:\/\/it.wikipedia.org\/wiki\/Occhi_di_gatto\"><em>Occhi di gatto<\/em><\/a><em>, <\/em><a href=\"https:\/\/it.wikipedia.org\/wiki\/Kiss_Me_Licia\"><em>Kiss Me Licia<\/em><\/a><em>, <\/em><a href=\"https:\/\/it.wikipedia.org\/wiki\/Mila_%26_Shiro,_due_cuori_nella_pallavolo\"><em>Mila e Shiro, <\/em><\/a><em>I Puffi<\/em><em>, <\/em><em>Dolce Candy<\/em><em>, <\/em><em>D&#8217;Artagnan e i moschettieri del re<\/em><em>\u2026<\/em>basta andare su Wikipedia per trovare un elenco lunghissimo di titoli, conosciuti da tutti, capaci di suscitare emozioni e ricordi.<\/p>\n<p>E poi, c\u2019\u00e8 lei: una vera forza sul palco, piena di energia e di una simpatia coinvolgente.<\/p>\n<p>Non si pu\u00f2 mai dire: l\u2019ho gi\u00e0 vista. Perch\u00e9 ogni suo spettacolo \u00e8 un evento che sa regalare buonumore e tanto divertimento, in una sorta di sana frenesia collettiva, sulle note familiari delle pi\u00f9 belle sigle dei cartoni.<\/p>\n<p>Cristina D\u2019Avena si esibisce a Le Piazze di Castel Maggiore Sabato 9 settembre alle ore 21.00.<\/p>\n<p><em>Ci stiamo impegnando<\/em> \u2013 dice il direttore di Le Piazze &#8211; \u00a0<em>per offrire alla comunit\u00e0 tante diverse occasioni di intrattenimento, alcune delle quali hanno anche una finalit\u00e0 di sensibilizzazione e un carattere sociale. Per questo inizio di settembre abbiamo scelto di puntare sulla convivialit\u00e0 e sul divertimento. Sappiamo che Cristina D\u2019Avena \u00e8 un personaggio straordinario, capace di catalizzare le emozioni di tutti. Siamo davvero contenti di regalare alle famiglie questo momento: io per primo, non vedo l\u2019ora di ascoltarla!<\/em><\/p>\n<p><em>\u00a0<\/em>Sempre sabato, gi\u00e0 dalle 19.30, gelato gratis per tutti, giochi per i pi\u00f9 piccoli e consegna del premio al vincitore della Harley Davidson pi\u00f9 \u201cbella\u201d.<\/p>\n<p>Domenica \u00a010 settembre, alle 18 disco dance, hip hop, show e modern dance e baby dance a cura di Asd Dance Planet Studio.<\/p>\n<p>Alle 20 si balla il boogie woogie con la scuola Cotton Club del maestro Beppe Nardelli, salsa cubana con la scuola Aguanilebbe \u00a0e il maestro Graziano Tortorelli, il tango<\/p>\n<p>con la scuola Puro Tango e l\u2019insegnante Veronica Lorenzoni.<\/p>\n<p>I negozi sono aperti venerd\u00ec e sabato fino alle 23:00, domenica fino alle 21.00.<\/p>\n","protected":false},"excerpt":{"rendered":"<p>Le vacanze sono finite, ma settembre \u00e8 un mese ricco di opportunit\u00e0 per uscire e godersi fino a tarda sera le miti temperature di fine estate. Le proposte mirano soprattutto ad offrire a grandi e piccoli l\u2019occasione di assaporare ancora per un po\u2019 il clima di relax e divertimento del periodo estivo, anche se il [&hellip;]<\/p>\n","protected":false},"author":3395,"featured_media":0,"comment_status":"open","ping_status":"open","sticky":false,"template":"","format":"standard","meta":{"footnotes":""},"categories":[29],"tags":[],"class_list":["post-23934","post","type-post","status-publish","format-standard","hentry","category-comunicati"],"_links":{"self":[{"href":"https:\/\/www.area-press.eu\/comunicatistampa\/wp-json\/wp\/v2\/posts\/23934","targetHints":{"allow":["GET"]}}],"collection":[{"href":"https:\/\/www.area-press.eu\/comunicatistampa\/wp-json\/wp\/v2\/posts"}],"about":[{"href":"https:\/\/www.area-press.eu\/comunicatistampa\/wp-json\/wp\/v2\/types\/post"}],"author":[{"embeddable":true,"href":"https:\/\/www.area-press.eu\/comunicatistampa\/wp-json\/wp\/v2\/users\/3395"}],"replies":[{"embeddable":true,"href":"https:\/\/www.area-press.eu\/comunicatistampa\/wp-json\/wp\/v2\/comments?post=23934"}],"version-history":[{"count":1,"href":"https:\/\/www.area-press.eu\/comunicatistampa\/wp-json\/wp\/v2\/posts\/23934\/revisions"}],"predecessor-version":[{"id":23935,"href":"https:\/\/www.area-press.eu\/comunicatistampa\/wp-json\/wp\/v2\/posts\/23934\/revisions\/23935"}],"wp:attachment":[{"href":"https:\/\/www.area-press.eu\/comunicatistampa\/wp-json\/wp\/v2\/media?parent=23934"}],"wp:term":[{"taxonomy":"category","embeddable":true,"href":"https:\/\/www.area-press.eu\/comunicatistampa\/wp-json\/wp\/v2\/categories?post=23934"},{"taxonomy":"post_tag","embeddable":true,"href":"https:\/\/www.area-press.eu\/comunicatistampa\/wp-json\/wp\/v2\/tags?post=23934"}],"curies":[{"name":"wp","href":"https:\/\/api.w.org\/{rel}","templated":true}]}}