{"id":23897,"date":"2017-09-04T17:50:22","date_gmt":"2017-09-04T15:50:22","guid":{"rendered":"http:\/\/www.area-press.eu\/comunicatistampa\/?p=23897"},"modified":"2017-09-04T17:50:22","modified_gmt":"2017-09-04T15:50:22","slug":"concorso-berlin-calling-week-end-e-voli-in-una-delle-mete-piu-ambite-deuropa","status":"publish","type":"post","link":"https:\/\/www.area-press.eu\/comunicatistampa\/2017\/09\/04\/concorso-berlin-calling-week-end-e-voli-in-una-delle-mete-piu-ambite-deuropa\/","title":{"rendered":"Concorso Berlin Calling: week end e voli in una delle mete pi\u00f9 ambite d\u2019Europa"},"content":{"rendered":"<p><em>Anche la birra tedesca Warsteiner sceglie Berlino per il suo concorso \u201cBerlin Calling\u201d, offrendo ai consumatori l\u2019opportunit\u00e0 di visitare una delle mete pi\u00f9 ambite d\u2019Europa<\/em><\/p>\n<figure class=\"tmblr-full\"><img loading=\"lazy\" decoding=\"async\" src=\"http:\/\/68.media.tumblr.com\/80840396765b68eee16c73a579196ce1\/tumblr_inline_ovnpv2R6CX1uwydy0_1280.jpg\" alt=\"image\" width=\"600\" height=\"338\" \/><\/figure>\n<p>Cresce di anno in anno il turismo a Berlino: per la prima volta, nel 2016, ha registrato pi\u00f9 di cinque milioni di arrivi internazionali, decretando un nuovo record.<\/p>\n<p>In aumento anche i pernottamenti, che hanno superato la quota di 31 milioni, con un incremento del 2,7% Berlino si attesta cos\u00ec tra le prime tre capitali europee pi\u00f9 amate dai turisti internazionali, secondo quanto afferma l\u2019Ufficio statistico di Berlino-Brandeburgo.<\/p>\n<p>Questo il profilo di chi visita la citt\u00e0 tedesca: ha un\u2019et\u00e0 pari a 39 anni e sceglie di soggiornare in media 2,4 giorni perch\u00e9 attratto da arte, cultura, paesaggio urbano e architettonico offerto dalla citt\u00e0.<\/p>\n<p>Anche Warsteiner, azienda tedesca leader nella produzione di birra, ha scelto Berlino come protagonista del proprio concorso: Warsteiner Berlin Calling mette, infatti, in palio week end e voli proprio in una delle mete pi\u00f9 ambite d\u2019Europa. Una scelta, questa, non casuale. Da una parte vi \u00e8 la volont\u00e0 dell\u2019Azienda di premiare i propri consumatori con una destinazione di grande appeal e interesse, dall\u2019altra la capitale tedesca, citt\u00e0 trendy, cosmopolita e creativa, incarna caratteristiche che offrono un connubio perfetto con il brand.<\/p>\n<p>E\u2019 infatti partita dal 1\u00b0 Luglio e si conclude il 30 Ottobre, la seconda edizione del grande concorso Warsteiner, per provare a vincere voli e weekend a Berlino nonch\u00e9 assicurarsi premi certi.<\/p>\n<figure class=\"tmblr-full\"><img loading=\"lazy\" decoding=\"async\" src=\"http:\/\/68.media.tumblr.com\/75e804291bf08b24fbbef3e194fdde6a\/tumblr_inline_ovnpvi8IyK1uwydy0_400.jpg\" alt=\"image\" width=\"300\" height=\"369\" \/><\/figure>\n<p>Con l\u2019acquisto di una confezione Warsteiner da tre bottiglie, con pack personalizzato con la promozione, subito in regalo un film CHILI Cinema e la possibilit\u00e0 di partecipare all\u2019estrazione finale di un weekend per 2 persone a Berlino. Inoltre, ogni settimana, tramite una meccanica di instant win, i pi\u00f9 fortunati potranno aggiudicarsi un volo aereo per Berlino, sempre per 2 persone.<\/p>\n<p>La promozione dedicata alla capitale pi\u00f9 cool e trendy d\u2019Europa, si articola in altre diverse tappe:<\/p>\n<ul>\n<li>un\u2019attivazione sul digitale, on air dallo scorso 15 maggio, che coinvolge principalmente Facebook, Instagram e selezionati portali web, con l\u2019opportunit\u00e0 di partecipare all\u2019estrazione finale di un weekend in coppia a Berlino attraverso link dedicati;<\/li>\n<li>sono previste inoltre numerose altre attivazioni nei supermercati, ipermercati e in selezionati locali d\u2019Italia aderenti all\u2019iniziativa.<\/li>\n<\/ul>\n<p>Il regolamento completo \u00e8 disponibile su\u00a0<a href=\"http:\/\/t.umblr.com\/redirect?z=http%3A%2F%2Fwww.berlincalling.it%2F&amp;t=ZjVlMzMzYTNmZTYyZDhlYmEyNjUwNDY4NjJhY2ViOWQ0OTMzZDBkZSxYNE1MM25LZQ%3D%3D&amp;b=t%3Aa7a0aVhYeOUir-rGVB7VKw&amp;p=http%3A%2F%2Fencantopr.tumblr.com%2Fpost%2F164786678826%2Fberlino-nuovo-record-oltre-cinque-milioni-di&amp;m=1\">www.berlincalling.it<\/a>.<\/p>\n<p><strong>Per maggiori informazioni:<\/strong><br \/>\n<a href=\"http:\/\/t.umblr.com\/redirect?z=http%3A%2F%2Fwww.warsteiner.it%2F&amp;t=YTczOWE4OTIyZDVkMjMzYzdhMzg4ODZiZWY0OTlkZDM4YzNjOWI3YSxYNE1MM25LZQ%3D%3D&amp;b=t%3Aa7a0aVhYeOUir-rGVB7VKw&amp;p=http%3A%2F%2Fencantopr.tumblr.com%2Fpost%2F164786678826%2Fberlino-nuovo-record-oltre-cinque-milioni-di&amp;m=1\">www.warsteiner.it<\/a><br \/>\nFacebook:\u00a0<a href=\"http:\/\/t.umblr.com\/redirect?z=https%3A%2F%2Fwww.facebook.com%2FWarsteinerItalia&amp;t=MzJlNTNkNzIzYjhkZTA0Nzk2YWZhMDVlYTgzOWQ0NTc0MmYyNmY1NCxYNE1MM25LZQ%3D%3D&amp;b=t%3Aa7a0aVhYeOUir-rGVB7VKw&amp;p=http%3A%2F%2Fencantopr.tumblr.com%2Fpost%2F164786678826%2Fberlino-nuovo-record-oltre-cinque-milioni-di&amp;m=1\">https:\/\/www.facebook.com\/WarsteinerItalia<\/a>Instagram:https:\/\/instagram.com\/warsteineritalia\/<br \/>\n#berlincalling\u00a0#warsteineritalia<\/p>\n<p><strong>Warsteiner Italia<\/strong><br \/>\nWarsteiner Italia, filiale di Warsteiner Brauerei Haus Cramer KG, ha la propria sede in Italia dal 1998, vicino a Verona. L\u2019Azienda importa e commercializza in Italia i prodotti appartenenti al portfolio Warsteiner, seguendo la filosofia aziendale focalizzata da sempre a garantire l\u2019alta qualit\u00e0 dei suoi prodotti realizzati con tecniche innovative e brassati seguendo l\u2019Editto di Purezza della birra che risale al 1516. Il portfolio prodotti Italia comprende WARSTEINER Premium Verum, uno dei pi\u00f9 conosciuti e amati marchi di birra in tutta la Germania, WARSTEINER Herb Doppio Luppolo, WARSTEINER Premium Fresh 0,0% alc.\/vol., la birra senza alcool, oltre alle birre della K\u00f6nig Ludwig GmbH &amp; Co. KG Schlo\u00dfbrauerei Kaltenberg (con i marchi K\u00f6nig Ludwig Hell, K\u00f6nig Ludwig Dunkel, K\u00f6nig Ludwig Weissbier, Koenig Ludwig Weissbier Dunkel, K\u00f6nig Ludwig Spezial e K\u00f6nig Ludwig Schloss-Keller), Oberbraeu 1605, Isenbeck e Thwaites.\u00a0www.warsteiner.it<\/p>\n<p><strong>Warsteiner Brauerei (La Birreria Warsteiner)<\/strong><br \/>\nLa Birreria Warsteiner, fondata nel 1753, \u00e8 una delle pi\u00f9 grandi birrerie private della Germania. Il suo prodotto per eccellenza \u00e8 WARSTEINER Premium Verum, uno dei pi\u00f9 conosciuti e amati marchi di birra in tutta la Germania. Il portfolio prodotti di Warsteiner Brauerei comprende, inoltre, le bevande Mix a base di birra WARSTEINER Premium Orange, Lemon e Cola*, WARSTEINER Premium Radler e WARSTEINER Premium Alkoholfrei \u00a0(analcolica). Oltre a Warsteiner Brauerei, il Gruppo Warsteiner comprende: la birreria Paderborner Brauerei Haus Cramer KG a Paderborn (con i marchi Paderborner, Isenbeck, Weissenburg), la birreria Herforder Brauerei (con i marchi Herforder Pils, Herforder 50\/50), partecipazioni in K\u00f6nig Ludwig GmbH &amp; Co. KG Schlo\u00dfbrauerei Kaltenberg (con i marchi K\u00f6nig Ludwig Dunkel e K\u00f6nig Ludwig Weissbier), e la birreria Frankenheim Brauerei a D\u00fcsseldorf (con i marchi Frankenheim Alt e Frankenheim Blue), nonch\u00e9 altre birrerie all\u2019estero. Il Gruppo Warsteiner attualmente distribuisce i propri prodotti in oltre 60 paesi in tutto il mondo.\u00a0www.warsteiner.com<\/p>\n<p>* contiene caffeina<\/p>\n<p><strong>Per informazioni:\u00a0<\/strong><br \/>\nEncanto Public Relations \u2013 02 66983707<br \/>\nVeronica Carminati, veronica.carminati@encanto.biz\u2013 cell. 334 3782823<br \/>\nMaria Amendolagine,\u00a0m.amendolagine@encanto.biz\u00a0\u2013 cell. 348 5404443<\/p>\n","protected":false},"excerpt":{"rendered":"<p>Anche la birra tedesca Warsteiner sceglie Berlino per il suo concorso \u201cBerlin Calling\u201d, offrendo ai consumatori l\u2019opportunit\u00e0 di visitare una delle mete pi\u00f9 ambite d\u2019Europa Cresce di anno in anno il turismo a Berlino: per la prima volta, nel 2016, ha registrato pi\u00f9 di cinque milioni di arrivi internazionali, decretando un nuovo record. In aumento [&hellip;]<\/p>\n","protected":false},"author":4247,"featured_media":0,"comment_status":"open","ping_status":"open","sticky":false,"template":"","format":"standard","meta":{"footnotes":""},"categories":[8],"tags":[15259,15257,15258,15256],"class_list":["post-23897","post","type-post","status-publish","format-standard","hentry","category-eventi","tag-berlin-calling","tag-concorso-berlin-calling","tag-concorso-birra-warsteiner","tag-warsteiner-berlin-calling"],"_links":{"self":[{"href":"https:\/\/www.area-press.eu\/comunicatistampa\/wp-json\/wp\/v2\/posts\/23897","targetHints":{"allow":["GET"]}}],"collection":[{"href":"https:\/\/www.area-press.eu\/comunicatistampa\/wp-json\/wp\/v2\/posts"}],"about":[{"href":"https:\/\/www.area-press.eu\/comunicatistampa\/wp-json\/wp\/v2\/types\/post"}],"author":[{"embeddable":true,"href":"https:\/\/www.area-press.eu\/comunicatistampa\/wp-json\/wp\/v2\/users\/4247"}],"replies":[{"embeddable":true,"href":"https:\/\/www.area-press.eu\/comunicatistampa\/wp-json\/wp\/v2\/comments?post=23897"}],"version-history":[{"count":1,"href":"https:\/\/www.area-press.eu\/comunicatistampa\/wp-json\/wp\/v2\/posts\/23897\/revisions"}],"predecessor-version":[{"id":23898,"href":"https:\/\/www.area-press.eu\/comunicatistampa\/wp-json\/wp\/v2\/posts\/23897\/revisions\/23898"}],"wp:attachment":[{"href":"https:\/\/www.area-press.eu\/comunicatistampa\/wp-json\/wp\/v2\/media?parent=23897"}],"wp:term":[{"taxonomy":"category","embeddable":true,"href":"https:\/\/www.area-press.eu\/comunicatistampa\/wp-json\/wp\/v2\/categories?post=23897"},{"taxonomy":"post_tag","embeddable":true,"href":"https:\/\/www.area-press.eu\/comunicatistampa\/wp-json\/wp\/v2\/tags?post=23897"}],"curies":[{"name":"wp","href":"https:\/\/api.w.org\/{rel}","templated":true}]}}