{"id":23646,"date":"2017-08-21T21:15:39","date_gmt":"2017-08-21T19:15:39","guid":{"rendered":"http:\/\/www.area-press.eu\/comunicatistampa\/?p=23646"},"modified":"2017-08-21T21:15:39","modified_gmt":"2017-08-21T19:15:39","slug":"prova-le-nuove-capsule-compatibili-espresso-cap","status":"publish","type":"post","link":"https:\/\/www.area-press.eu\/comunicatistampa\/2017\/08\/21\/prova-le-nuove-capsule-compatibili-espresso-cap\/","title":{"rendered":"Prova le Nuove Capsule Compatibili Espresso Cap"},"content":{"rendered":"<p>Se vuoi gustare un ottimo caff\u00e8 totalmente italiano e sano, dal gusto unico e dall\u2019aroma fragrante, allora ti consigliamo capsule <a href=\"http:\/\/www.101caffe.it\/espresso-cap\">compatibili espresso cap<\/a>. Sono delle capsule facilissime da usare che non sporcano niente e che vanno benissimo con diverse macchine da caff\u00e8.<\/p>\n<p>Ma che caff\u00e8 prendere e quando? Il caff\u00e8 \u00e8 una pausa importante nella cultura italiana, un momento di ristoro e di speranza per il futuro.<\/p>\n<p>&nbsp;<\/p>\n<h2>Al Mattino cosa vorresti bere?<\/h2>\n<p>La mattina \u00e8 sempre un impresa alzarsi e iniziare la giornata? Bene, quello che ti serve \u00e8 evidentemente del caff\u00e8. Per avere una\u00a0 sferzata di energia che ti durer\u00e0 tutta la mattina, non dimenticarti di fare una ricca colazione. Consigliamo di non far mancare mai un frutto o una spremuta alla nostra tavola mattutine e naturalmente una tazzina fumante di caff\u00e8.<\/p>\n<p>Il caff\u00e8 adatto per la tua prima colazione \u00e8 senza dubbio una <strong>miscela robusta. Il sapore intenso, con retrogusto di cioccolato <\/strong>che risveglia i sensi e il palato si unisce alla sferzata di energia data da una miscela con un alto contenuto di caffeina. Perfetta per iniziare una giornata piena di impegni. Specie se durante la mattinata hai un lungo meeting o semplicemente ore \u00a0lavoro pesante, non vedrai l\u2019ora di fare una pausa, vero? E\u2019 quello che ci vuole per staccare la testa e rilassarsi un poco. Meglio se si approfitta della pausa per distendere il nervo oculare guardando in lontananza per pochi minuti se si \u00e8 lavorato al computer.<\/p>\n<p><strong>Quale caff\u00e8 prendere in questo momento della giornata? Perch\u00e9 non provi le capsule compatibili espresso con arabica 100<\/strong>%. Infatti avendo preso poche ora prima un caff\u00e8 forte, ora \u00e8 il momento di puntare su uno con un basso tasso di caffeina che ti permetter\u00e0 di rilassarti oltre che di svegliarti. In questo modo potrai trasformare la pausa caff\u00e8 in un momento di autentico relax senza rinunciare al gusto intenso del caff\u00e8. Il sapore, infatti, \u00e8 intenso, con leggere note acide e un profumo persistente.<\/p>\n<p>&nbsp;<\/p>\n<h2>Il Pomeriggio si Tinge di Aromi di Caff\u00e8<\/h2>\n<p>Quando si pranza \u00e8 meglio optare per un pasto leggero cos\u00ec sar\u00e0 pi\u00f9 facile tornare produttivi una volta in ufficio. Potete scegliere tra un primo e un secondo, possibilmente accompagnato da un contorno di verdure.<\/p>\n<p>Un espresso dopo i pasti \u00e8 d\u2019obbligo per aiutare la digestione e riprendere nuovamente il ritmo. Per questo la scelta pi\u00f9 giusta \u00e8 una miscela che unisca arabica e robusta. Il gusto penetrante dell\u2019arabica rigenera il palato dopo il giusto pasto mentre l\u2019alto tasso caffeico della robusta impedisce la sonnolenza e d\u00e0 una marcia in pi\u00f9.<\/p>\n<p>Finalmente la giornata lavorativa \u00e8 finita e ci si pu\u00f2 dedicare a s\u00e9 stessi e alla famiglia.<\/p>\n<p>Sicuramente d\u2019obbligo \u00e8 prendersi una pausa, togliersi le scarpe, sedersi in poltrona o sul divano e accendere la TV o aprire un buon libro.<\/p>\n<p><strong>Rilassatevi a pieno, dimenticandovi della giornata lavorativ<\/strong>a e pensando solo a voi stessi magari sorseggiando una <strong>tazzina di caff\u00e8 fatta con capsula compatibile per espresso di una miscela arabica con una piccola percentuale di caff\u00e8 robusto al suo interno. <\/strong><\/p>\n<p>E\u2019 il caff\u00e8 adatto per scrollarsi di dosso la fatica della giornata e allo stesso tempo ottenere una carica di energia per dedicarsi alle proprie attivit\u00e0 preferite.<\/p>\n","protected":false},"excerpt":{"rendered":"<p>Se vuoi gustare un ottimo caff\u00e8 totalmente italiano e sano, dal gusto unico e dall\u2019aroma fragrante, allora ti consigliamo capsule compatibili espresso cap. Sono delle capsule facilissime da usare che non sporcano niente e che vanno benissimo con diverse macchine da caff\u00e8. Ma che caff\u00e8 prendere e quando? Il caff\u00e8 \u00e8 una pausa importante nella [&hellip;]<\/p>\n","protected":false},"author":4505,"featured_media":0,"comment_status":"open","ping_status":"open","sticky":false,"template":"","format":"standard","meta":{"footnotes":""},"categories":[29],"tags":[15095,15094,15096],"class_list":["post-23646","post","type-post","status-publish","format-standard","hentry","category-comunicati","tag-capsule-compatibili","tag-capsule-compatibili-espresso-cap","tag-espresso-italiano"],"_links":{"self":[{"href":"https:\/\/www.area-press.eu\/comunicatistampa\/wp-json\/wp\/v2\/posts\/23646","targetHints":{"allow":["GET"]}}],"collection":[{"href":"https:\/\/www.area-press.eu\/comunicatistampa\/wp-json\/wp\/v2\/posts"}],"about":[{"href":"https:\/\/www.area-press.eu\/comunicatistampa\/wp-json\/wp\/v2\/types\/post"}],"author":[{"embeddable":true,"href":"https:\/\/www.area-press.eu\/comunicatistampa\/wp-json\/wp\/v2\/users\/4505"}],"replies":[{"embeddable":true,"href":"https:\/\/www.area-press.eu\/comunicatistampa\/wp-json\/wp\/v2\/comments?post=23646"}],"version-history":[{"count":1,"href":"https:\/\/www.area-press.eu\/comunicatistampa\/wp-json\/wp\/v2\/posts\/23646\/revisions"}],"predecessor-version":[{"id":23647,"href":"https:\/\/www.area-press.eu\/comunicatistampa\/wp-json\/wp\/v2\/posts\/23646\/revisions\/23647"}],"wp:attachment":[{"href":"https:\/\/www.area-press.eu\/comunicatistampa\/wp-json\/wp\/v2\/media?parent=23646"}],"wp:term":[{"taxonomy":"category","embeddable":true,"href":"https:\/\/www.area-press.eu\/comunicatistampa\/wp-json\/wp\/v2\/categories?post=23646"},{"taxonomy":"post_tag","embeddable":true,"href":"https:\/\/www.area-press.eu\/comunicatistampa\/wp-json\/wp\/v2\/tags?post=23646"}],"curies":[{"name":"wp","href":"https:\/\/api.w.org\/{rel}","templated":true}]}}