{"id":23640,"date":"2017-08-20T22:55:21","date_gmt":"2017-08-20T20:55:21","guid":{"rendered":"http:\/\/www.area-press.eu\/comunicatistampa\/?p=23640"},"modified":"2017-08-20T22:55:21","modified_gmt":"2017-08-20T20:55:21","slug":"portoni-sezionali-varese","status":"publish","type":"post","link":"https:\/\/www.area-press.eu\/comunicatistampa\/2017\/08\/20\/portoni-sezionali-varese\/","title":{"rendered":"Portoni Sezionali Varese"},"content":{"rendered":"<p>Si rende necessario adottare i <strong>portoni sezionali<\/strong> in tutti quegli ambienti i cui spazi limitati rendono difficile la normale apertura delle porte e quindi dell\u2019accesso al box o garage, oppure laddove la loro apertura costituisce un pericolo per i pedoni o per gli altri utenti della strada. Grazie a questo particolare tipo di apertura infatti, i portoni scorrono verso il soffitto o lateralmente, eliminando cos\u00ec alla base ogni tipo di ingombro e consentendo una fruizione pi\u00f9 comoda dei propri locali. Come accennato, esistono due diverse tipologie di portoni sezionali: vi sono quelli in cui il portone scorre verso l\u2019altro, e parliamo in questo caso di portoni sezionali a scorrimento verticale, o di quelli in cui il portone scorre parallelamente alla parete, e parliamo in questo caso di portoni sezionali a scorrimento laterale. In entrambi i casi, l\u2019apertura delle porte non sar\u00e0 pi\u00f9 un problema ed ogni difficolt\u00e0 di intralcio o pericolo sar\u00e0 dunque brillantemente risolta.<\/p>\n<p><a href=\"http:\/\/www.portonisezionalivarese.it\/\">Portoni Sezionali Varese<\/a> commercializza diversi modelli di portoni sezionali, ciascuno in grado di risolvere le esigenze individuali del cliente adattandosi perfettamente alla tipologia di contesto nella quale viene inserito. Ogni prodotto \u00e8 ideato per rispondere perfettamente ad ogni tipo di necessit\u00e0 funzionale ed estetica, per garantire sempre il massimo della resistenza e della durata nel tempo, nonch\u00e9 dell\u2019eleganza e dello stile che da sempre contraddistinguono i portoni sezionali di questa importante realt\u00e0 del territorio lombardo. L\u2019esperienza maturata nel tempo in questo settore infatti, unita ad una grande meticolosit\u00e0 in ciascuna fase del processo produttivo, consentono di ottenere un prodotto finale in grado di rispondere perfettamente alle aspettative del cliente, sia dal punto di vista prettamente estetico che da quello di vista pratico e funzionale.<\/p>\n","protected":false},"excerpt":{"rendered":"<p>Si rende necessario adottare i portoni sezionali in tutti quegli ambienti i cui spazi limitati rendono difficile la normale apertura delle porte e quindi dell\u2019accesso al box o garage, oppure laddove la loro apertura costituisce un pericolo per i pedoni o per gli altri utenti della strada. Grazie a questo particolare tipo di apertura infatti, [&hellip;]<\/p>\n","protected":false},"author":11,"featured_media":0,"comment_status":"open","ping_status":"open","sticky":false,"template":"","format":"standard","meta":{"footnotes":""},"categories":[5],"tags":[],"class_list":["post-23640","post","type-post","status-publish","format-standard","hentry","category-aziendali"],"_links":{"self":[{"href":"https:\/\/www.area-press.eu\/comunicatistampa\/wp-json\/wp\/v2\/posts\/23640","targetHints":{"allow":["GET"]}}],"collection":[{"href":"https:\/\/www.area-press.eu\/comunicatistampa\/wp-json\/wp\/v2\/posts"}],"about":[{"href":"https:\/\/www.area-press.eu\/comunicatistampa\/wp-json\/wp\/v2\/types\/post"}],"author":[{"embeddable":true,"href":"https:\/\/www.area-press.eu\/comunicatistampa\/wp-json\/wp\/v2\/users\/11"}],"replies":[{"embeddable":true,"href":"https:\/\/www.area-press.eu\/comunicatistampa\/wp-json\/wp\/v2\/comments?post=23640"}],"version-history":[{"count":1,"href":"https:\/\/www.area-press.eu\/comunicatistampa\/wp-json\/wp\/v2\/posts\/23640\/revisions"}],"predecessor-version":[{"id":23641,"href":"https:\/\/www.area-press.eu\/comunicatistampa\/wp-json\/wp\/v2\/posts\/23640\/revisions\/23641"}],"wp:attachment":[{"href":"https:\/\/www.area-press.eu\/comunicatistampa\/wp-json\/wp\/v2\/media?parent=23640"}],"wp:term":[{"taxonomy":"category","embeddable":true,"href":"https:\/\/www.area-press.eu\/comunicatistampa\/wp-json\/wp\/v2\/categories?post=23640"},{"taxonomy":"post_tag","embeddable":true,"href":"https:\/\/www.area-press.eu\/comunicatistampa\/wp-json\/wp\/v2\/tags?post=23640"}],"curies":[{"name":"wp","href":"https:\/\/api.w.org\/{rel}","templated":true}]}}