{"id":23621,"date":"2017-08-18T22:23:50","date_gmt":"2017-08-18T20:23:50","guid":{"rendered":"http:\/\/www.area-press.eu\/comunicatistampa\/?p=23621"},"modified":"2017-08-18T22:23:50","modified_gmt":"2017-08-18T20:23:50","slug":"a-settembre-la-cool-zone-in-centro-citta-a-bergamo","status":"publish","type":"post","link":"https:\/\/www.area-press.eu\/comunicatistampa\/2017\/08\/18\/a-settembre-la-cool-zone-in-centro-citta-a-bergamo\/","title":{"rendered":"A settembre la Cool Zone in centro citt\u00e0 a Bergamo"},"content":{"rendered":"<p style=\"text-align: justify\"><i>Bergamo, 18 agosto 2017 \u2013<\/i>\u00a0Un tributo alla citt\u00e0 di Bergamo e alla sua manifestazione pi\u00f9 green:\u00a0<b>Dentix<\/b>, il colosso spagnolo leader nel settore della cura dentale,\u00a0<b>Best Western Hotel Cappello D\u2019Oro<\/b>, storica realt\u00e0 cittadina, e il ristorante<b>\u00a0M1.lle Storie e Sapori<\/b>\u00a0regalano a bergamaschi e turisti\u00a0<b>un\u2019installazione a tutto green in Porta Nuova<\/b>, nel cuore del centro cittadino, in occasione de\u00a0<i>I Maestri del Paesaggio<\/i>, dal 7 al 24 settembre.<\/p>\n<p style=\"text-align: justify\">Proprio di fronte alle tre attivit\u00e0, che si susseguono dal civico 12 al 18 in Viale Papa Giovanni XXIII, l\u2019installazione progettata dall\u2019arch. paesaggista Fulvia Giorgioni sar\u00e0 una vera e propria oasi che ricreer\u00e0 in piccolo gli allestimenti di Piazza Vecchia, luogo simbolo della manifestazione. Una\u00a0<b>\u201ccool zone\u201d<\/b>\u00a0fatta di alberi, piante, tavoli e palloni giapponesi che, ritagliando un angolo di pace nella movimentata Porta Nuova, far\u00e0 vivere anche in citt\u00e0 bassa l\u2019atmosfera de\u00a0<i>I Maestri del Paesaggio<\/i>, quest\u2019anno ispirata al \u201ccool landscape\u201d, con evidente richiamo ai temi del riscaldamento globale.<\/p>\n<p style=\"text-align: justify\"><em>\u201c<\/em><i>Siamo da sempre molto sensibili rispetto ai problemi ambientali, per questo non potevamo che accettare l\u2019invito a sostenere I Maestri del Paesaggio allestendo una cool zone in centro<\/i>\u00a0\u2013 commenta\u00a0<b>Corrado Zambonelli, direttore del Best Western Hotel Cappello D\u2019Oro<\/b>\u00a0\u2013\u00a0<i>E\u2019 un impegno perfettamente in linea con lo spirito green che da anni caratterizza le politiche di gestione degli Hotels Best Western in Italia, un piccolo contributo per sostenere una maggiore sensibilizzazione, e anche un onore perch\u00e9 ci permette di prender parte a una manifestazione, ormai di respiro internazionale, che coinvolge la citt\u00e0 da parecchi anni. Siamo sicuri che sar\u00e0 una bella sorpresa anche per i nostri ospiti internazionali<\/i>\u201d.<\/p>\n<p style=\"text-align: justify\">Lo stesso spirito green anima anche\u00a0<b>Paolo Marzo, Marketing Manager Dentix Italia<\/b>, che spiega:\u00a0 \u201c<i>Contribuire all\u2019allestimento significa per noi valorizzare la bellezza del cuore di Bergamo bassa. Da sempre Dentix sceglie per le sue cliniche le location pi\u00f9 suggestive delle citt\u00e0 italiane: non potevamo perdere questa occasione per offrire a tutti i nostri pazienti una versione ancora pi\u00f9 moderna della nostra clinica. E\u2019 anche un modo per omaggiare la splendida citt\u00e0 di Bergamo, in cui Dentix ha aperto la sua prima clinica in Italia nel dicembre 2014<\/i>\u201d.<\/p>\n<p style=\"text-align: justify\">Entusiasta anche la partecipazione di\u00a0<b>M1.lle Storie &amp; Sapori<\/b>, il caff\u00e8, bistrot, wine-bar, ristorante, che, oltre alle sue apprezzate proposte enogastronomiche, contribuir\u00e0 ad offrire a bergamaschi e turisti una verde oasi di pace, occasione per riflettere sui temi ambientali, con un\u2019attitudine\u2026cool.<\/p>\n<p style=\"text-align: justify\">L\u2019installazione sar\u00e0 aperta a tutti, 24 ore su 24, dal 7 al 24 settembre.<\/p>\n","protected":false},"excerpt":{"rendered":"<p>Bergamo, 18 agosto 2017 \u2013\u00a0Un tributo alla citt\u00e0 di Bergamo e alla sua manifestazione pi\u00f9 green:\u00a0Dentix, il colosso spagnolo leader nel settore della cura dentale,\u00a0Best Western Hotel Cappello D\u2019Oro, storica realt\u00e0 cittadina, e il ristorante\u00a0M1.lle Storie e Sapori\u00a0regalano a bergamaschi e turisti\u00a0un\u2019installazione a tutto green in Porta Nuova, nel cuore del centro cittadino, in occasione [&hellip;]<\/p>\n","protected":false},"author":3407,"featured_media":0,"comment_status":"open","ping_status":"open","sticky":false,"template":"","format":"standard","meta":{"footnotes":""},"categories":[3,8],"tags":[15081],"class_list":["post-23621","post","type-post","status-publish","format-standard","hentry","category-arte-e-cultura","category-eventi","tag-coolzone-green-installazione-bergamo-imaestridelpaesaggio"],"_links":{"self":[{"href":"https:\/\/www.area-press.eu\/comunicatistampa\/wp-json\/wp\/v2\/posts\/23621","targetHints":{"allow":["GET"]}}],"collection":[{"href":"https:\/\/www.area-press.eu\/comunicatistampa\/wp-json\/wp\/v2\/posts"}],"about":[{"href":"https:\/\/www.area-press.eu\/comunicatistampa\/wp-json\/wp\/v2\/types\/post"}],"author":[{"embeddable":true,"href":"https:\/\/www.area-press.eu\/comunicatistampa\/wp-json\/wp\/v2\/users\/3407"}],"replies":[{"embeddable":true,"href":"https:\/\/www.area-press.eu\/comunicatistampa\/wp-json\/wp\/v2\/comments?post=23621"}],"version-history":[{"count":1,"href":"https:\/\/www.area-press.eu\/comunicatistampa\/wp-json\/wp\/v2\/posts\/23621\/revisions"}],"predecessor-version":[{"id":23623,"href":"https:\/\/www.area-press.eu\/comunicatistampa\/wp-json\/wp\/v2\/posts\/23621\/revisions\/23623"}],"wp:attachment":[{"href":"https:\/\/www.area-press.eu\/comunicatistampa\/wp-json\/wp\/v2\/media?parent=23621"}],"wp:term":[{"taxonomy":"category","embeddable":true,"href":"https:\/\/www.area-press.eu\/comunicatistampa\/wp-json\/wp\/v2\/categories?post=23621"},{"taxonomy":"post_tag","embeddable":true,"href":"https:\/\/www.area-press.eu\/comunicatistampa\/wp-json\/wp\/v2\/tags?post=23621"}],"curies":[{"name":"wp","href":"https:\/\/api.w.org\/{rel}","templated":true}]}}