{"id":23536,"date":"2017-08-14T20:21:53","date_gmt":"2017-08-14T18:21:53","guid":{"rendered":"http:\/\/www.area-press.eu\/comunicatistampa\/?p=23536"},"modified":"2017-08-14T20:21:53","modified_gmt":"2017-08-14T18:21:53","slug":"cappelli-neonato-moda-2017","status":"publish","type":"post","link":"https:\/\/www.area-press.eu\/comunicatistampa\/2017\/08\/14\/cappelli-neonato-moda-2017\/","title":{"rendered":"Cappelli Neonato: Moda 2017"},"content":{"rendered":"<p>L\u2019abbigliamento per neonati e bambini \u00e8 ormai diventato importantissimo per le linee d\u2019abbigliamento di alta moda che ogni giorno creano nuove linee per i vostri futuri angioletti. Nonostante le mille idee di outfit diversi, quello che non pu\u00f2 assolutamente mancare nel kit di una mamma sono i <a href=\"http:\/\/shop.mondopiccino.it\/it\/cappelli-neonati.html\">cappelli neonati<\/a> sia d\u2019estate sia d\u2019inverno.<\/p>\n<p>&nbsp;<\/p>\n<h2>Un Cappellino per ogni Stagione<\/h2>\n<p>I <strong>cappelli per neonati<\/strong> sono un accessorio davvero fondamentale nella vita dei piccini per completare il loro guardaroba. I cappellini per neonati non solo tengono al riparo il neonato dal freddo e dalle intemperie invernali ma anche dai freschi venti che caratterizzano le <strong>stagioni primaverili ed estivi<\/strong>. Le <strong>cuffiette<\/strong> con la loro semplicit\u00e0 esaltano il viso del bimbo e donano uno stile unico al loro abbigliamento. In ogni stagione si pu\u00f2 utilizzare il cappello perfetto. In inverno \u00e8 importante proteggere la testa e le orecchie dal freddo in modo da poter far assaporare ai piccini i primi fiocchi di neve.<\/p>\n<p>In estate \u00e8 invece importante tenere i bambini al riparo dai raggi del sole e avere un cappellino con la visiera aiuta ancora meglio la loro protezione. \u00c8 possibile trovare sul mercato davvero diversi modelli di cappelli: da quelli di lana a quelli di cotone, quelli con i pon pon e quelli con le fantasie dei cartoni animati; insomma \u00e8 possibile scegliere davvero tra una marea di modelli.<\/p>\n<p><strong>\u00a0<\/strong><\/p>\n<h2>L\u2019Abbigliamento per il tuo Neonato<\/h2>\n<p>\u00c8 possibile acquistarli sia direttamente negli store sia online; in molti siti \u00e8 possibile addirittura personalizzarli. I cappellini da neonato si prestano molto bene per essere regalati ad un neonato come regalo di compleanno o come regalo di battesimo magari abbinato ad un kit. Quando si compra un cappellino \u00e8 bene controllare la qualit\u00e0 dei tessuti cos\u00ec da evitare prurito e fastidio alla pelle del bimbo. Uno dei materiali pi\u00f9 sicuri per la pelle del bambino \u00e8 sicuramente il cotone organico 100% che dona morbidezza e freschezza sulla pelle delicata come delicato \u00e8 tutto il suo corpicino.<\/p>\n<p>La scelta <strong>dell\u2019abbigliamento da bambino<\/strong> deve fare i conti anche con la stagione in cui ci si trova al momento della nascita. <strong>Tutine e body<\/strong> sono senza dubbio i capi pi\u00f9 amati dalle mamme poich\u00e9 nella loro semplicit\u00e0 e comodit\u00e0 permettono al beb\u00e8 di muoversi e fare i primi passi con facilit\u00e0, senza alcun fastidio ed in totale sicurezza. Per i genitori che non desiderano sapere anticipatamente se sar\u00e0 un maschietto o una femminuccia, \u00e8 sempre possibile acquistare tutine di color neutro come il giallo. Chi invece non riesce a frenare la propria curiosit\u00e0, non si far\u00e0 trovare impreparato e avr\u00e0 pronto un <strong>completo azzurro o rosa<\/strong>. I <strong>body in cotone bianco<\/strong> con disegni della Disney, stampe di animaletti e dolci frasi, rendono la vita del neonato ancor pi\u00f9 gioiosa ed allietante.<\/p>\n<p><strong>Tutine, body e capi interi<\/strong> accompagnano i primi mesi di vita del beb\u00e8 cos\u00ec da tenerlo ben riparato nei mesi invernali e al sicuro dai raggi di sole nel periodo estivo. Alle tutine \u00e8 sempre piacevole abbinare un <strong>accessorio<\/strong>, se d\u2019inverno si preferisce abbinarlo con un <strong>cappellino di lana<\/strong> a tema, dei graziosi guantini imbottiti, una scarpina che tiene il piede chiuso e riparato dal cattivo tempo; se d\u2019estate si preferisce abbinarlo ad un cappellino di cotone cos\u00ec da essere riparati.<\/p>\n","protected":false},"excerpt":{"rendered":"<p>L\u2019abbigliamento per neonati e bambini \u00e8 ormai diventato importantissimo per le linee d\u2019abbigliamento di alta moda che ogni giorno creano nuove linee per i vostri futuri angioletti. Nonostante le mille idee di outfit diversi, quello che non pu\u00f2 assolutamente mancare nel kit di una mamma sono i cappelli neonati sia d\u2019estate sia d\u2019inverno. &nbsp; Un [&hellip;]<\/p>\n","protected":false},"author":4505,"featured_media":0,"comment_status":"open","ping_status":"open","sticky":false,"template":"","format":"standard","meta":{"footnotes":""},"categories":[18],"tags":[15039,15037,15038],"class_list":["post-23536","post","type-post","status-publish","format-standard","hentry","category-altri-vari","tag-accessori-neonati","tag-cappelli-neonati","tag-oggetti-neonati"],"_links":{"self":[{"href":"https:\/\/www.area-press.eu\/comunicatistampa\/wp-json\/wp\/v2\/posts\/23536","targetHints":{"allow":["GET"]}}],"collection":[{"href":"https:\/\/www.area-press.eu\/comunicatistampa\/wp-json\/wp\/v2\/posts"}],"about":[{"href":"https:\/\/www.area-press.eu\/comunicatistampa\/wp-json\/wp\/v2\/types\/post"}],"author":[{"embeddable":true,"href":"https:\/\/www.area-press.eu\/comunicatistampa\/wp-json\/wp\/v2\/users\/4505"}],"replies":[{"embeddable":true,"href":"https:\/\/www.area-press.eu\/comunicatistampa\/wp-json\/wp\/v2\/comments?post=23536"}],"version-history":[{"count":1,"href":"https:\/\/www.area-press.eu\/comunicatistampa\/wp-json\/wp\/v2\/posts\/23536\/revisions"}],"predecessor-version":[{"id":23537,"href":"https:\/\/www.area-press.eu\/comunicatistampa\/wp-json\/wp\/v2\/posts\/23536\/revisions\/23537"}],"wp:attachment":[{"href":"https:\/\/www.area-press.eu\/comunicatistampa\/wp-json\/wp\/v2\/media?parent=23536"}],"wp:term":[{"taxonomy":"category","embeddable":true,"href":"https:\/\/www.area-press.eu\/comunicatistampa\/wp-json\/wp\/v2\/categories?post=23536"},{"taxonomy":"post_tag","embeddable":true,"href":"https:\/\/www.area-press.eu\/comunicatistampa\/wp-json\/wp\/v2\/tags?post=23536"}],"curies":[{"name":"wp","href":"https:\/\/api.w.org\/{rel}","templated":true}]}}