{"id":23469,"date":"2017-08-06T16:52:47","date_gmt":"2017-08-06T14:52:47","guid":{"rendered":"http:\/\/www.area-press.eu\/comunicatistampa\/?p=23469"},"modified":"2017-08-06T16:52:47","modified_gmt":"2017-08-06T14:52:47","slug":"labitudine-di-un-buon-caffe-al-mattino","status":"publish","type":"post","link":"https:\/\/www.area-press.eu\/comunicatistampa\/2017\/08\/06\/labitudine-di-un-buon-caffe-al-mattino\/","title":{"rendered":"L&#8217;abitudine di un buon caff\u00e8 al mattino"},"content":{"rendered":"<p><strong>Prepararsi un buon caff\u00e8<\/strong> la mattina prima di andare al lavoro, \u00e8 una piacevole abitudine alla quale molti di noi sono abituati. \u00c8 un momento di benessere che consente di incamerare le energie (fisiche e nervose) necessarie ad affrontare al meglio la giornata lavorativa o di studio che ci attende. Ci sono per\u00f2 due categorie di consumatori che non riescono a vivere a pieno questo momento cos\u00ec importante della giornata, tanto da dovervi rinunciare in alcuni casi. Ci sono innanzitutto quelli che non hanno fisicamente tempo di fare colazione, n\u00e9 tantomeno di prepararsi un caff\u00e8: preparare la moka ed attendere che il caff\u00e8 sia pronto infatti, \u00e8 una operazione che richiede molto pi\u00f9 che qualche minuto e non tutti hanno il tempo necessario da dedicarvi, e per questo sono a malincuore costretti a rinunciarvi. In seconda analisi invece, c\u2019\u00e8 chi \u00e8 molto esigente e preferisce cambiare miscela anche ogni giorno, per provarne sempre una differente in base al proprio umore o stato d\u2019animo.<\/p>\n<p>Ad andare incontro alle esigenze degli uni e degli altri, ci sono oggi le comodissime macchinette per il caff\u00e8 e soprattutto le pratiche <a href=\"https:\/\/www.cialdamia.it\/tutte-le-capsule\/lavazza-a-modo-mio.html\">cialde Lavazza a Modo Mio<\/a>: grazie ad esse \u00e8 possibile avere un caff\u00e8 squisito, dall\u2019aroma intenso e dall\u2019aspetto cremoso come quello del bar, ogni volta che si vuole grazie ad un semplice gesto della mano. Inoltre, in virt\u00f9 delle tantissime variet\u00e0 a disposizione, \u00e8 possibile provare ogni giorno un aroma diverso senza correre il rischio di perdere la fragranza e l\u2019aroma, grazie all\u2019ottimo sistema di chiusura ermetica. Grazie alle cialde Lavazza a Modo Mio \u00e8 dunque possibile ottenere un ottimo caff\u00e8 in qualsiasi momento della giornata, semplicemente premendo un tasto, e non bisogna accontentarsi nemmeno per quel che riguarda il gusto perch\u00e9 l\u2019aroma \u00e8 sempre ben conservato, grazie all\u2019ottima chiusura ermetica che ne preserva tutte le qualit\u00e0 organolettiche.<\/p>\n","protected":false},"excerpt":{"rendered":"<p>Prepararsi un buon caff\u00e8 la mattina prima di andare al lavoro, \u00e8 una piacevole abitudine alla quale molti di noi sono abituati. \u00c8 un momento di benessere che consente di incamerare le energie (fisiche e nervose) necessarie ad affrontare al meglio la giornata lavorativa o di studio che ci attende. Ci sono per\u00f2 due categorie [&hellip;]<\/p>\n","protected":false},"author":11,"featured_media":0,"comment_status":"open","ping_status":"open","sticky":false,"template":"","format":"standard","meta":{"footnotes":""},"categories":[6],"tags":[],"class_list":["post-23469","post","type-post","status-publish","format-standard","hentry","category-ecommerce"],"_links":{"self":[{"href":"https:\/\/www.area-press.eu\/comunicatistampa\/wp-json\/wp\/v2\/posts\/23469","targetHints":{"allow":["GET"]}}],"collection":[{"href":"https:\/\/www.area-press.eu\/comunicatistampa\/wp-json\/wp\/v2\/posts"}],"about":[{"href":"https:\/\/www.area-press.eu\/comunicatistampa\/wp-json\/wp\/v2\/types\/post"}],"author":[{"embeddable":true,"href":"https:\/\/www.area-press.eu\/comunicatistampa\/wp-json\/wp\/v2\/users\/11"}],"replies":[{"embeddable":true,"href":"https:\/\/www.area-press.eu\/comunicatistampa\/wp-json\/wp\/v2\/comments?post=23469"}],"version-history":[{"count":1,"href":"https:\/\/www.area-press.eu\/comunicatistampa\/wp-json\/wp\/v2\/posts\/23469\/revisions"}],"predecessor-version":[{"id":23470,"href":"https:\/\/www.area-press.eu\/comunicatistampa\/wp-json\/wp\/v2\/posts\/23469\/revisions\/23470"}],"wp:attachment":[{"href":"https:\/\/www.area-press.eu\/comunicatistampa\/wp-json\/wp\/v2\/media?parent=23469"}],"wp:term":[{"taxonomy":"category","embeddable":true,"href":"https:\/\/www.area-press.eu\/comunicatistampa\/wp-json\/wp\/v2\/categories?post=23469"},{"taxonomy":"post_tag","embeddable":true,"href":"https:\/\/www.area-press.eu\/comunicatistampa\/wp-json\/wp\/v2\/tags?post=23469"}],"curies":[{"name":"wp","href":"https:\/\/api.w.org\/{rel}","templated":true}]}}