{"id":23456,"date":"2017-08-06T16:45:20","date_gmt":"2017-08-06T14:45:20","guid":{"rendered":"http:\/\/www.area-press.eu\/comunicatistampa\/?p=23456"},"modified":"2017-08-06T16:45:20","modified_gmt":"2017-08-06T14:45:20","slug":"al-tenda-bar-di-lignano-domenica-6-agosto-arriva-90-forever-musica-video-show-dedicato-ai-mitici-anni-novanta","status":"publish","type":"post","link":"https:\/\/www.area-press.eu\/comunicatistampa\/2017\/08\/06\/al-tenda-bar-di-lignano-domenica-6-agosto-arriva-90-forever-musica-video-show-dedicato-ai-mitici-anni-novanta\/","title":{"rendered":"Al Tenda Bar di Lignano domenica 6 agosto arriva \u201c90 Forever\u201d: musica &amp; video show dedicato ai mitici anni novanta"},"content":{"rendered":"<p>Prosegue il ricco calendario di eventi firmato\u00a0<strong>Tenda Bar<\/strong>.\u00a0<strong>Domenica 6 agosto<\/strong>\u00a02017, a partire dalle\u00a0<strong>ore 18:00,<\/strong>\u00a0il locale simbolo del divertimento lignanese si trasformer\u00e0 in una macchina del tempo, pronta a trasportare tutti nei mitici anni \u201990.<br \/>\nAlla consolle, i\u00a0<strong>DJ Lino Lodi<\/strong>,\u00a0<strong>Massimo Rossini<\/strong>\u00a0e\u00a0<strong>Gerry Paredes<\/strong>, accompagnati dal\u00a0<strong>Vocalist GG<\/strong>, proporranno un esplosivo mix dei pi\u00f9 grandi successi musicali del tempo che hanno fatto sognare intere generazioni.<br \/>\nI primi vinili inizieranno a girare alle\u00a0<strong>ore 18:00<\/strong>, facendo da sottofondo al momento Aperitivo che sapr\u00e0 creare la giusta atmosfera; a seguire, e fino a tarda notte, si inizier\u00e0 a ballare sulle note delle pi\u00f9 famose\u00a0<strong>hit dance, pop, rock e di musica italiana anni \u201990<\/strong>. L\u2019eslcusivo DJ-set sar\u00e0 accompagnato da una\u00a0<strong>performance visual immersiva<\/strong>, dove immagini e video proiettati sui maxi schermi del Tenda Bar, creeranno insieme al ritmo della musica un vero e proprio effetto \u201cthrowback\u201d a 360\u00b0.<br \/>\nNon mancheranno inoltre\u00a0<strong>cocktail a tema anni \u201990<\/strong>, con un\u2019accattivante selezione di miscelati vintage firmata dai barmen del Tenda Bar, assieme a gadget e accessori colorati che renderanno l\u2019atmosfera ancora pi\u00f9 divertente<\/p>\n","protected":false},"excerpt":{"rendered":"<p>Prosegue il ricco calendario di eventi firmato\u00a0Tenda Bar.\u00a0Domenica 6 agosto\u00a02017, a partire dalle\u00a0ore 18:00,\u00a0il locale simbolo del divertimento lignanese si trasformer\u00e0 in una macchina del tempo, pronta a trasportare tutti nei mitici anni \u201990. Alla consolle, i\u00a0DJ Lino Lodi,\u00a0Massimo Rossini\u00a0e\u00a0Gerry Paredes, accompagnati dal\u00a0Vocalist GG, proporranno un esplosivo mix dei pi\u00f9 grandi successi musicali del tempo [&hellip;]<\/p>\n","protected":false},"author":191,"featured_media":0,"comment_status":"open","ping_status":"open","sticky":false,"template":"","format":"standard","meta":{"footnotes":""},"categories":[29],"tags":[14965,1859,14967,12251,10754,54,14964,721,14966,14193,2095],"class_list":["post-23456","post","type-post","status-publish","format-standard","hentry","category-comunicati","tag-anni-90","tag-blu-wom","tag-blu-wom-udine","tag-cocktail","tag-dj","tag-estate","tag-lignano","tag-musica","tag-musica-anni-90","tag-tenda-bar","tag-ufficio-stampa"],"_links":{"self":[{"href":"https:\/\/www.area-press.eu\/comunicatistampa\/wp-json\/wp\/v2\/posts\/23456","targetHints":{"allow":["GET"]}}],"collection":[{"href":"https:\/\/www.area-press.eu\/comunicatistampa\/wp-json\/wp\/v2\/posts"}],"about":[{"href":"https:\/\/www.area-press.eu\/comunicatistampa\/wp-json\/wp\/v2\/types\/post"}],"author":[{"embeddable":true,"href":"https:\/\/www.area-press.eu\/comunicatistampa\/wp-json\/wp\/v2\/users\/191"}],"replies":[{"embeddable":true,"href":"https:\/\/www.area-press.eu\/comunicatistampa\/wp-json\/wp\/v2\/comments?post=23456"}],"version-history":[{"count":1,"href":"https:\/\/www.area-press.eu\/comunicatistampa\/wp-json\/wp\/v2\/posts\/23456\/revisions"}],"predecessor-version":[{"id":23457,"href":"https:\/\/www.area-press.eu\/comunicatistampa\/wp-json\/wp\/v2\/posts\/23456\/revisions\/23457"}],"wp:attachment":[{"href":"https:\/\/www.area-press.eu\/comunicatistampa\/wp-json\/wp\/v2\/media?parent=23456"}],"wp:term":[{"taxonomy":"category","embeddable":true,"href":"https:\/\/www.area-press.eu\/comunicatistampa\/wp-json\/wp\/v2\/categories?post=23456"},{"taxonomy":"post_tag","embeddable":true,"href":"https:\/\/www.area-press.eu\/comunicatistampa\/wp-json\/wp\/v2\/tags?post=23456"}],"curies":[{"name":"wp","href":"https:\/\/api.w.org\/{rel}","templated":true}]}}