{"id":23262,"date":"2017-07-28T17:23:56","date_gmt":"2017-07-28T15:23:56","guid":{"rendered":"http:\/\/www.area-press.eu\/comunicatistampa\/?p=23262"},"modified":"2017-07-28T17:23:56","modified_gmt":"2017-07-28T15:23:56","slug":"un-protestato-puo-aprire-un-conto-corrente-il-conto-maltese","status":"publish","type":"post","link":"https:\/\/www.area-press.eu\/comunicatistampa\/2017\/07\/28\/un-protestato-puo-aprire-un-conto-corrente-il-conto-maltese\/","title":{"rendered":"Un protestato pu\u00f2 aprire un conto corrente: il conto maltese"},"content":{"rendered":"<p>Il\u00a0conto corrente per protestati, con iban maltese, \u00e8 una delle soluzioni pi\u00f9 efficaci per aprire un conto corrente. In Italia, infatti, aprire un conto corrente pu\u00f2 rivelarsi un&#8217;impresa quasi impossibile per una persona protestata. Ci\u00f2 detto,\u00a0<a href=\"http:\/\/www.contoprotestatiservice.it\/richiedi-il-tuo-conto\">u<\/a><a href=\"http:\/\/www.contoprotestatiservice.it\/richiedi-il-tuo-conto\">n protestato pu\u00f2 aprire un conto corrente<\/a>\u00a0con iban maltese: un servizio che presenta numerosi vantaggi, vediamo quali.<\/p>\n<p>Il conto corrente per protestati con iban maltese di Conto Protestati Service, innanzitutto, \u00e8 in tutto e per tutto uguale a un normale conto corrente italiano. Si tratta, infatti, di un conto corrente regolare e rispetta tutte le procedure e i regolamenti dell\u2019Unione Europea. In pi\u00f9, questo tipo di conto non \u00e8 tenuto a rispettare le banche dati e i registri dei protesti in possesso delle banche e dei banchieri italiani. Proprio per quest\u2019ultima ragione, chiunque pu\u00f2 aprire un conto e possedere una carta di credito, anche una persona che ha sub\u00ecto un protesto ed \u00e8 indicato come cattivo pagatore.<\/p>\n<p>I conti correnti con iban maltese proposti da Conto Protestati Service sono adatti a privati, ditte individuali e aziende di piccole e medie dimensioni. Con questa tipologia di conto un protestato pu\u00f2 accedere a tutte le tipologie di servizio bancario\u00a0<em>standard<\/em>: pu\u00f2 ricevere lo stipendio e la pensione, ricevere ed effettuare bonifici, pagare bolletini postali, canone TV, Rid, Mav, F24, ricaricare il telefono cellulare, addebitare le utenze e i pagamenti rateali, prelevare contanti in tutto il mondo, effettuare acquisti su Internet, prenotare alberghi, aerei, noleggiare automobili e via dicendo.<\/p>\n<p>Un privato, una ditta individuale o un\u2019azienda pu\u00f2 aprire un conto corrente anche se protestato, fallito o cattivo pagatore e accedere a servizi quali carte di debito e web banking gratuiti.<\/p>\n<p>Hai subito un protesto e hai bisogno di aprire un conto corrente? Affidati a noi di Conti Protestati Service, scopri qui le\u00a0<a class=\"western\" href=\"http:\/\/www.contoprotestatiservice.it\/conto-protestati-service-opinioni\">recensioni<\/a>\u00a0dei nostri clienti.<\/p>\n","protected":false},"excerpt":{"rendered":"<p>Il\u00a0conto corrente per protestati, con iban maltese, \u00e8 una delle soluzioni pi\u00f9 efficaci per aprire un conto corrente. In Italia, infatti, aprire un conto corrente pu\u00f2 rivelarsi un&#8217;impresa quasi impossibile per una persona protestata. Ci\u00f2 detto,\u00a0un protestato pu\u00f2 aprire un conto corrente\u00a0con iban maltese: un servizio che presenta numerosi vantaggi, vediamo quali. Il conto corrente [&hellip;]<\/p>\n","protected":false},"author":4203,"featured_media":0,"comment_status":"open","ping_status":"open","sticky":false,"template":"","format":"standard","meta":{"footnotes":""},"categories":[29,7],"tags":[12424,12934,12933],"class_list":["post-23262","post","type-post","status-publish","format-standard","hentry","category-comunicati","category-economia-e-finanza","tag-conto-per-protestati","tag-conto-protestati-torino","tag-un-protestato-puo-aprire-un-conto-corrente"],"_links":{"self":[{"href":"https:\/\/www.area-press.eu\/comunicatistampa\/wp-json\/wp\/v2\/posts\/23262","targetHints":{"allow":["GET"]}}],"collection":[{"href":"https:\/\/www.area-press.eu\/comunicatistampa\/wp-json\/wp\/v2\/posts"}],"about":[{"href":"https:\/\/www.area-press.eu\/comunicatistampa\/wp-json\/wp\/v2\/types\/post"}],"author":[{"embeddable":true,"href":"https:\/\/www.area-press.eu\/comunicatistampa\/wp-json\/wp\/v2\/users\/4203"}],"replies":[{"embeddable":true,"href":"https:\/\/www.area-press.eu\/comunicatistampa\/wp-json\/wp\/v2\/comments?post=23262"}],"version-history":[{"count":1,"href":"https:\/\/www.area-press.eu\/comunicatistampa\/wp-json\/wp\/v2\/posts\/23262\/revisions"}],"predecessor-version":[{"id":23263,"href":"https:\/\/www.area-press.eu\/comunicatistampa\/wp-json\/wp\/v2\/posts\/23262\/revisions\/23263"}],"wp:attachment":[{"href":"https:\/\/www.area-press.eu\/comunicatistampa\/wp-json\/wp\/v2\/media?parent=23262"}],"wp:term":[{"taxonomy":"category","embeddable":true,"href":"https:\/\/www.area-press.eu\/comunicatistampa\/wp-json\/wp\/v2\/categories?post=23262"},{"taxonomy":"post_tag","embeddable":true,"href":"https:\/\/www.area-press.eu\/comunicatistampa\/wp-json\/wp\/v2\/tags?post=23262"}],"curies":[{"name":"wp","href":"https:\/\/api.w.org\/{rel}","templated":true}]}}