{"id":23239,"date":"2017-07-27T22:27:27","date_gmt":"2017-07-27T20:27:27","guid":{"rendered":"http:\/\/www.area-press.eu\/comunicatistampa\/?p=23239"},"modified":"2017-07-27T22:27:27","modified_gmt":"2017-07-27T20:27:27","slug":"partita-la-campagna-insieme-contro-il-bullismo-che-da-settembre-coinvolgera-le-scuole-della-provincia-di-rovigo","status":"publish","type":"post","link":"https:\/\/www.area-press.eu\/comunicatistampa\/2017\/07\/27\/partita-la-campagna-insieme-contro-il-bullismo-che-da-settembre-coinvolgera-le-scuole-della-provincia-di-rovigo\/","title":{"rendered":"PARTITA LA CAMPAGNA INSIEME CONTRO IL BULLISMO CHE DA SETTEMBRE COINVOLGERA\u2019 LE SCUOLE DELLA PROVINCIA DI ROVIGO"},"content":{"rendered":"<p><strong>Da settembre una iniziativa educativa per<\/strong> <strong>sostenere il NO contro la violenza.<\/strong><\/p>\n<p>L\u2019idea \u00e8 quella di sensibilizzare piccoli e grandi su un tema importante come quello del bullismo, ma in modo giocoso, attraverso eventi leggeri, ma fortemente significativi per i messaggi che si propongono di trasmettere.<\/p>\n<p>Disagio sociale, malessere, sopruso fisico e psicologico, violenza: sono le parole che si possono associare al bullismo, un fenomeno grave, che coinvolge la famiglia, la scuola, la societ\u00e0 intera, e che mina nel profondo i rapporti, gli equilibri all\u2019interno dei vari contesti.<\/p>\n<p>Il fenomeno del bullismo tra i minori \u00e8 diffuso e in continua evoluzione. <strong>Un caso al giorno di bullismo e cyberbullismo\u00a0 sono <\/strong><strong>quelli segnalati alla linea gratuita di Telefono Azzurro durante l\u2019anno scolastico 2015-2016.<\/strong>\u00a0Un dato preoccupante, che rappresenta solo la punta dell\u2019iceberg rispetto alla vastit\u00e0 del fenomeno; senza contare che nel 2016 in Italia i casi di cyberbullismo sono aumentati dell&#8217;8%.<\/p>\n<p>\u00c8 fondamentale educare al rispetto, alla solidariet\u00e0, alla responsabilit\u00e0. La scuola svolge un ruolo decisivo, ma tutti possiamo fare qualcosa: il centro commerciale Il Porto ha deciso di dare il suo contributo e invita le scuole e le famiglie ad affrontare il tema in modo originale.<\/p>\n<p><strong>Testimonial della campagna <\/strong><strong>sar\u00e0 <\/strong><strong>il supereroe Daitarn3 che arriver\u00e0 con i suoi 7 metri di altezza per simboleggiare la lotta contro la violenza e il trionfo dei valori pi\u00f9 importanti<\/strong>, a cominciare dal rispetto verso gli altri.<\/p>\n<p><em>I selfie scattati insieme a Daitarn e caricati sulla pagina Facebook di Il Porto rappresentano un veicolo per diffondere questi messaggi.<\/em><\/p>\n<p><em>\u00a0<\/em><em>Le scuole del territorio saranno inviate a coinvolgere gli studenti nella realizzazione di messaggi contro la violenza, <strong>domenica 1 ottobre una grande festa<\/strong> \u2013 con l\u2019<\/em><strong><em>Italian Superheroes Mega Show<\/em><\/strong><em> &#8211; richiamer\u00e0 l\u2019attenzione di adulti e ragazzi su un tema tanto importante, che richiede l\u2019impegno di tutta la comunit\u00e0.<\/em><\/p>\n<p><em>\u00a0<\/em><\/p>\n","protected":false},"excerpt":{"rendered":"<p>Da settembre una iniziativa educativa per sostenere il NO contro la violenza. L\u2019idea \u00e8 quella di sensibilizzare piccoli e grandi su un tema importante come quello del bullismo, ma in modo giocoso, attraverso eventi leggeri, ma fortemente significativi per i messaggi che si propongono di trasmettere. Disagio sociale, malessere, sopruso fisico e psicologico, violenza: sono [&hellip;]<\/p>\n","protected":false},"author":3395,"featured_media":0,"comment_status":"open","ping_status":"open","sticky":false,"template":"","format":"standard","meta":{"footnotes":""},"categories":[29],"tags":[],"class_list":["post-23239","post","type-post","status-publish","format-standard","hentry","category-comunicati"],"_links":{"self":[{"href":"https:\/\/www.area-press.eu\/comunicatistampa\/wp-json\/wp\/v2\/posts\/23239","targetHints":{"allow":["GET"]}}],"collection":[{"href":"https:\/\/www.area-press.eu\/comunicatistampa\/wp-json\/wp\/v2\/posts"}],"about":[{"href":"https:\/\/www.area-press.eu\/comunicatistampa\/wp-json\/wp\/v2\/types\/post"}],"author":[{"embeddable":true,"href":"https:\/\/www.area-press.eu\/comunicatistampa\/wp-json\/wp\/v2\/users\/3395"}],"replies":[{"embeddable":true,"href":"https:\/\/www.area-press.eu\/comunicatistampa\/wp-json\/wp\/v2\/comments?post=23239"}],"version-history":[{"count":1,"href":"https:\/\/www.area-press.eu\/comunicatistampa\/wp-json\/wp\/v2\/posts\/23239\/revisions"}],"predecessor-version":[{"id":23240,"href":"https:\/\/www.area-press.eu\/comunicatistampa\/wp-json\/wp\/v2\/posts\/23239\/revisions\/23240"}],"wp:attachment":[{"href":"https:\/\/www.area-press.eu\/comunicatistampa\/wp-json\/wp\/v2\/media?parent=23239"}],"wp:term":[{"taxonomy":"category","embeddable":true,"href":"https:\/\/www.area-press.eu\/comunicatistampa\/wp-json\/wp\/v2\/categories?post=23239"},{"taxonomy":"post_tag","embeddable":true,"href":"https:\/\/www.area-press.eu\/comunicatistampa\/wp-json\/wp\/v2\/tags?post=23239"}],"curies":[{"name":"wp","href":"https:\/\/api.w.org\/{rel}","templated":true}]}}